{"id":296206,"date":"2016-10-31T00:03:44","date_gmt":"2016-10-31T06:03:44","guid":{"rendered":"http:\/\/www.diarioimagen.net\/?p=296206"},"modified":"2016-10-31T04:53:09","modified_gmt":"2016-10-31T10:53:09","slug":"gana-atizapense-concurso-senorita-estado-de-mexico","status":"publish","type":"post","link":"https:\/\/www.diarioimagen.net\/?p=296206","title":{"rendered":"Gana atizapense concurso \u201cSe\u00f1orita Estado de M\u00e9xico\u201d"},"content":{"rendered":"<ul>\n<li><strong><em>Daniela Miruvska Ruiz se alz\u00f3 con el cetro<\/em><\/strong><\/li>\n<\/ul>\n<p>&nbsp;<\/p>\n<div id=\"attachment_296287\" style=\"width: 470px\" class=\"wp-caption aligncenter\"><a href=\"http:\/\/www.diarioimagen.net\/?attachment_id=296287\" rel=\"attachment wp-att-296287\"><img loading=\"lazy\" decoding=\"async\" aria-describedby=\"caption-attachment-296287\" class=\"size-large wp-image-296287\" src=\"http:\/\/www.diarioimagen.net\/wp-content\/uploads\/2016\/10\/ATIZAPAN-2986-460x259.jpg\" alt=\"La alcaldesa, Ana Mar\u00eda Balderas Trejo, destac\u00f3 que el reto de hoy es buscar mujeres inteligentes, capaces, fuertes y empoderadas para fortalecer nuestra sociedad.\" width=\"460\" height=\"259\" srcset=\"https:\/\/www.diarioimagen.net\/wp-content\/uploads\/2016\/10\/ATIZAPAN-2986-460x259.jpg 460w, https:\/\/www.diarioimagen.net\/wp-content\/uploads\/2016\/10\/ATIZAPAN-2986-240x135.jpg 240w, https:\/\/www.diarioimagen.net\/wp-content\/uploads\/2016\/10\/ATIZAPAN-2986-235x132.jpg 235w, https:\/\/www.diarioimagen.net\/wp-content\/uploads\/2016\/10\/ATIZAPAN-2986-202x114.jpg 202w, https:\/\/www.diarioimagen.net\/wp-content\/uploads\/2016\/10\/ATIZAPAN-2986-350x196.jpg 350w, https:\/\/www.diarioimagen.net\/wp-content\/uploads\/2016\/10\/ATIZAPAN-2986-220x123.jpg 220w, https:\/\/www.diarioimagen.net\/wp-content\/uploads\/2016\/10\/ATIZAPAN-2986-237x132.jpg 237w, https:\/\/www.diarioimagen.net\/wp-content\/uploads\/2016\/10\/ATIZAPAN-2986.jpg 480w\" sizes=\"auto, (max-width: 460px) 100vw, 460px\" \/><\/a><p id=\"caption-attachment-296287\" class=\"wp-caption-text\">La alcaldesa, Ana Mar\u00eda Balderas Trejo, destac\u00f3 que el reto de hoy es buscar mujeres inteligentes, capaces, fuertes y empoderadas para fortalecer nuestra sociedad.<\/p><\/div>\n<p>&nbsp;<\/p>\n<p><strong>Atizap\u00e1n, Estado de M\u00e9xico<\/strong>.- Este municipio fue la sede del concurso \u201cSe\u00f1orita Estado de M\u00e9xico 2016\u201d, donde la presidenta municipal, Ana Mar\u00eda Balderas Trejo, recibi\u00f3 con los brazos abiertos a las 20 candidatas mexiquenses al trono de tan importante certamen.<\/p>\n<p>Ante un lleno total en el centro cultural Luis Nishizawa de Zona Esmeralda, la alcaldesa les dese\u00f3 \u00e9xito a todas ellas, y destac\u00f3 que \u201cel reto de hoy es buscar mujeres inteligentes, capaces, fuertes y empoderadas para fortalecer nuestra sociedad\u201d.<\/p>\n<p>Al sonido de tambores, silbatos, matracas y porras, las representantes de la belleza de los municipios de Amecameca, Chalco, Chicoloapan, Chimalhuac\u00e1n, Coyotepec, Cuautitl\u00e1n, Ecatepec, Huixquilucan, Ixtapaluca, La Paz, Nezahualc\u00f3yotl, Nicol\u00e1s Romero, Ocoyoacac, San Mart\u00edn de las Pir\u00e1mides, Tec\u00e1mac, Tenango del Valle, Teotihuac\u00e1n, Tlalnepantla, Toluca y Atizap\u00e1n participaron en las categor\u00edas de traje de ba\u00f1o, vestido de noche y pregunta individual.<\/p>\n<p>Al llegar el momento de dar a conocer a la ganadora, el silencio se apoder\u00f3 del recinto, mientras el jurado integrado por reconocidos artistas de la far\u00e1ndula como Niurka Marcos, Ana Mar\u00eda Alvarado, Fabi\u00e1n Lavalle, entre otros, y tres se\u00f1oritas ex Estado de M\u00e9xico deliberaban para dar los nombres las participantes luc\u00edan nerviosas.<\/p>\n<p>La atizapense Daniela Miruvska Ruiz fue quien se alz\u00f3 con el cetro como la nueva reina del certamen \u201cSe\u00f1orita Estado de M\u00e9xico 2016\u201d, y fue coronada por su antecesora Leylany Arce Richard. Mientras que el segundo lugar fue para Schezida V\u00e1zquez Cadena, representante de Cuautitl\u00e1n, y el tercero puesto fue para Brenda D\u00e1valos Pe\u00f1a, del municipio de Ocoyoacac.<\/p>\n<p>&nbsp;<\/p>\n","protected":false},"excerpt":{"rendered":"<p>Este municipio fue la sede del concurso \u201cSe\u00f1orita Estado de M\u00e9xico 2016\u201d, donde la presidenta municipal, Ana Mar\u00eda Balderas Trejo, recibi\u00f3 con los brazos abiertos a las 20 candidatas mexiquenses al trono de tan importante certamen.<\/p>\n","protected":false},"author":3,"featured_media":296287,"comment_status":"open","ping_status":"open","sticky":false,"template":"","format":"standard","meta":{"_monsterinsights_skip_tracking":false,"_monsterinsights_sitenote_active":false,"_monsterinsights_sitenote_note":"","_monsterinsights_sitenote_category":0,"footnotes":""},"categories":[35155],"tags":[47219,969,43675],"class_list":["post-296206","post","type-post","status-publish","format-standard","has-post-thumbnail","hentry","category-estado-de-mexico-estado-de-mexico","tag-ana-maria-balderas-trejo","tag-atizapan","tag-estado-de-mexico"],"_links":{"self":[{"href":"https:\/\/www.diarioimagen.net\/index.php?rest_route=\/wp\/v2\/posts\/296206","targetHints":{"allow":["GET"]}}],"collection":[{"href":"https:\/\/www.diarioimagen.net\/index.php?rest_route=\/wp\/v2\/posts"}],"about":[{"href":"https:\/\/www.diarioimagen.net\/index.php?rest_route=\/wp\/v2\/types\/post"}],"author":[{"embeddable":true,"href":"https:\/\/www.diarioimagen.net\/index.php?rest_route=\/wp\/v2\/users\/3"}],"replies":[{"embeddable":true,"href":"https:\/\/www.diarioimagen.net\/index.php?rest_route=%2Fwp%2Fv2%2Fcomments&post=296206"}],"version-history":[{"count":0,"href":"https:\/\/www.diarioimagen.net\/index.php?rest_route=\/wp\/v2\/posts\/296206\/revisions"}],"wp:featuredmedia":[{"embeddable":true,"href":"https:\/\/www.diarioimagen.net\/index.php?rest_route=\/wp\/v2\/media\/296287"}],"wp:attachment":[{"href":"https:\/\/www.diarioimagen.net\/index.php?rest_route=%2Fwp%2Fv2%2Fmedia&parent=296206"}],"wp:term":[{"taxonomy":"category","embeddable":true,"href":"https:\/\/www.diarioimagen.net\/index.php?rest_route=%2Fwp%2Fv2%2Fcategories&post=296206"},{"taxonomy":"post_tag","embeddable":true,"href":"https:\/\/www.diarioimagen.net\/index.php?rest_route=%2Fwp%2Fv2%2Ftags&post=296206"}],"curies":[{"name":"wp","href":"https:\/\/api.w.org\/{rel}","templated":true}]}}