{"id":296220,"date":"2016-10-31T00:07:19","date_gmt":"2016-10-31T06:07:19","guid":{"rendered":"http:\/\/www.diarioimagen.net\/?p=296220"},"modified":"2016-10-31T05:08:52","modified_gmt":"2016-10-31T11:08:52","slug":"efectuo-uaem-encuentro-de-bandas-de-guerra-y-escoltas-de-bandera","status":"publish","type":"post","link":"https:\/\/www.diarioimagen.net\/?p=296220","title":{"rendered":"Efectu\u00f3 UAEM Encuentro de Bandas de Guerra y Escoltas de Bandera"},"content":{"rendered":"<p><a href=\"http:\/\/www.diarioimagen.net\/?attachment_id=296302\" rel=\"attachment wp-att-296302\"><img loading=\"lazy\" decoding=\"async\" class=\"aligncenter size-large wp-image-296302\" src=\"http:\/\/www.diarioimagen.net\/wp-content\/uploads\/2016\/10\/UAEM-2986-460x259.jpg\" alt=\"uaem-2986\" width=\"460\" height=\"259\" srcset=\"https:\/\/www.diarioimagen.net\/wp-content\/uploads\/2016\/10\/UAEM-2986-460x259.jpg 460w, https:\/\/www.diarioimagen.net\/wp-content\/uploads\/2016\/10\/UAEM-2986-240x135.jpg 240w, https:\/\/www.diarioimagen.net\/wp-content\/uploads\/2016\/10\/UAEM-2986-235x132.jpg 235w, https:\/\/www.diarioimagen.net\/wp-content\/uploads\/2016\/10\/UAEM-2986-202x114.jpg 202w, https:\/\/www.diarioimagen.net\/wp-content\/uploads\/2016\/10\/UAEM-2986-350x196.jpg 350w, https:\/\/www.diarioimagen.net\/wp-content\/uploads\/2016\/10\/UAEM-2986-220x123.jpg 220w, https:\/\/www.diarioimagen.net\/wp-content\/uploads\/2016\/10\/UAEM-2986-237x132.jpg 237w, https:\/\/www.diarioimagen.net\/wp-content\/uploads\/2016\/10\/UAEM-2986.jpg 480w\" sizes=\"auto, (max-width: 460px) 100vw, 460px\" \/><\/a><\/p>\n<p>&nbsp;<\/p>\n<p>Durante la inauguraci\u00f3n de este evento deportivo, donde 15 bandas de marcha y nueve escoltas realizaron una demostraci\u00f3n, la directora de Actividades Deportivas de la Aut\u00f3noma mexiquense, Mar\u00eda Esther S\u00e1nchez Coyote, destac\u00f3 la labor de la instituci\u00f3n en el fomento del deporte y\u00a0que por dos a\u00f1os ha brindado un espacio para que los j\u00f3venes mexiquenses se re\u00fanan para demostrar sus habilidades en estas disciplinas.<\/p>\n","protected":false},"excerpt":{"rendered":"<p>Durante la inauguraci\u00f3n de este evento deportivo, donde 15 bandas de marcha y nueve escoltas realizaron una demostraci\u00f3n, la directora de Actividades Deportivas de la Aut\u00f3noma mexiquense, Mar\u00eda Esther S\u00e1nchez Coyote, destac\u00f3 la labor de la instituci\u00f3n en el fomento del deporte y que por dos a\u00f1os ha brindado un espacio para que los j\u00f3venes mexiquenses se re\u00fanan para demostrar sus habilidades en estas disciplinas.<\/p>\n","protected":false},"author":3,"featured_media":296302,"comment_status":"open","ping_status":"open","sticky":false,"template":"","format":"standard","meta":{"_monsterinsights_skip_tracking":false,"_monsterinsights_sitenote_active":false,"_monsterinsights_sitenote_note":"","_monsterinsights_sitenote_category":0,"footnotes":""},"categories":[35155],"tags":[43675,1491],"class_list":["post-296220","post","type-post","status-publish","format-standard","has-post-thumbnail","hentry","category-estado-de-mexico-estado-de-mexico","tag-estado-de-mexico","tag-uaem"],"_links":{"self":[{"href":"https:\/\/www.diarioimagen.net\/index.php?rest_route=\/wp\/v2\/posts\/296220","targetHints":{"allow":["GET"]}}],"collection":[{"href":"https:\/\/www.diarioimagen.net\/index.php?rest_route=\/wp\/v2\/posts"}],"about":[{"href":"https:\/\/www.diarioimagen.net\/index.php?rest_route=\/wp\/v2\/types\/post"}],"author":[{"embeddable":true,"href":"https:\/\/www.diarioimagen.net\/index.php?rest_route=\/wp\/v2\/users\/3"}],"replies":[{"embeddable":true,"href":"https:\/\/www.diarioimagen.net\/index.php?rest_route=%2Fwp%2Fv2%2Fcomments&post=296220"}],"version-history":[{"count":0,"href":"https:\/\/www.diarioimagen.net\/index.php?rest_route=\/wp\/v2\/posts\/296220\/revisions"}],"wp:featuredmedia":[{"embeddable":true,"href":"https:\/\/www.diarioimagen.net\/index.php?rest_route=\/wp\/v2\/media\/296302"}],"wp:attachment":[{"href":"https:\/\/www.diarioimagen.net\/index.php?rest_route=%2Fwp%2Fv2%2Fmedia&parent=296220"}],"wp:term":[{"taxonomy":"category","embeddable":true,"href":"https:\/\/www.diarioimagen.net\/index.php?rest_route=%2Fwp%2Fv2%2Fcategories&post=296220"},{"taxonomy":"post_tag","embeddable":true,"href":"https:\/\/www.diarioimagen.net\/index.php?rest_route=%2Fwp%2Fv2%2Ftags&post=296220"}],"curies":[{"name":"wp","href":"https:\/\/api.w.org\/{rel}","templated":true}]}}