{"id":296353,"date":"2016-10-31T00:08:07","date_gmt":"2016-10-31T06:08:07","guid":{"rendered":"http:\/\/www.diarioimagen.net\/?p=296353"},"modified":"2016-11-01T00:26:50","modified_gmt":"2016-11-01T06:26:50","slug":"tiene-edomex-el-sistema-escolar-mas-grande-del-pais","status":"publish","type":"post","link":"https:\/\/www.diarioimagen.net\/?p=296353","title":{"rendered":"Tiene Edomex el sistema escolar m\u00e1s grande del pa\u00eds"},"content":{"rendered":"<ul>\n<li><em><strong>Eruviel \u00c1vila refrend\u00f3 su respeto al gremio docente, por lo que reiter\u00f3 su disposici\u00f3n de hacer equipo con el magisterio<\/strong><\/em><\/li>\n<\/ul>\n<h5>Jos\u00e9 Luis Monta\u00f1ez<\/h5>\n<p>&nbsp;<\/p>\n<div id=\"attachment_296354\" style=\"width: 470px\" class=\"wp-caption aligncenter\"><a href=\"http:\/\/www.diarioimagen.net\/?attachment_id=296354\" rel=\"attachment wp-att-296354\"><img loading=\"lazy\" decoding=\"async\" aria-describedby=\"caption-attachment-296354\" class=\"size-large wp-image-296354\" src=\"http:\/\/www.diarioimagen.net\/wp-content\/uploads\/2016\/10\/eruviel-2986-460x259.jpg\" alt=\"El gobernador Eruviel \u00c1vila Villegas refrend\u00f3 su respeto al gremio docente.\" width=\"460\" height=\"259\" srcset=\"https:\/\/www.diarioimagen.net\/wp-content\/uploads\/2016\/10\/eruviel-2986-460x259.jpg 460w, https:\/\/www.diarioimagen.net\/wp-content\/uploads\/2016\/10\/eruviel-2986-240x135.jpg 240w, https:\/\/www.diarioimagen.net\/wp-content\/uploads\/2016\/10\/eruviel-2986-235x132.jpg 235w, https:\/\/www.diarioimagen.net\/wp-content\/uploads\/2016\/10\/eruviel-2986-202x114.jpg 202w, https:\/\/www.diarioimagen.net\/wp-content\/uploads\/2016\/10\/eruviel-2986-350x196.jpg 350w, https:\/\/www.diarioimagen.net\/wp-content\/uploads\/2016\/10\/eruviel-2986-220x123.jpg 220w, https:\/\/www.diarioimagen.net\/wp-content\/uploads\/2016\/10\/eruviel-2986-237x132.jpg 237w, https:\/\/www.diarioimagen.net\/wp-content\/uploads\/2016\/10\/eruviel-2986.jpg 480w\" sizes=\"auto, (max-width: 460px) 100vw, 460px\" \/><\/a><p id=\"caption-attachment-296354\" class=\"wp-caption-text\">El gobernador Eruviel \u00c1vila Villegas refrend\u00f3 su respeto al gremio docente.<\/p><\/div>\n<p>&nbsp;<\/p>\n<p>El gobernador Eruviel \u00c1vila Villegas destac\u00f3 que el Estado de M\u00e9xico tiene el sistema educativo m\u00e1s grande del pa\u00eds, con m\u00e1s de 4.8 millones de alumnos, de ah\u00ed la importancia en el papel que juegan todos los d\u00edas los maestros mexiquenses.<\/p>\n<p>El mandatario expres\u00f3 su reconocimiento a la nueva dirigencia de la secci\u00f3n 36 del Sindicato Nacional de Trabajadores de la Educaci\u00f3n (SNTE), que encabeza Rigoberto Vargas Cervantes como secretario general, junto con quien la administraci\u00f3n estatal trabajar\u00e1 para seguir haciendo realidad la reforma educativa.<\/p>\n<p>El mandatario estatal refrend\u00f3 su respeto al gremio docente y sostuvo que un gobierno comprometido con el desarrollo, es un gobierno aliado de los maestros, por lo que reiter\u00f3 la disposici\u00f3n de hacer equipo con el magisterio.<\/p>\n<p>Eruviel \u00c1vila garantiz\u00f3 un di\u00e1logo permanente para alcanzar las metas que se traduzcan en una educaci\u00f3n de calidad, como lo establece la reforma educativa y como se impulsa en el Estado de M\u00e9xico, pues la educaci\u00f3n transforma vidas y es la mejor inversi\u00f3n que se puede realizar.<\/p>\n<p>&nbsp;<\/p>\n","protected":false},"excerpt":{"rendered":"<p><span style=\"color: #005497;\">Jos\u00e9 Luis Monta\u00f1ez<\/span><br \/>\n<br \/>\nEl gobernador Eruviel \u00c1vila Villegas destac\u00f3 que el Estado de M\u00e9xico tiene el sistema educativo m\u00e1s grande del pa\u00eds, con m\u00e1s de 4.8 millones de alumnos, de ah\u00ed la importancia en el papel que juegan todos los d\u00edas los maestros mexiquenses.<\/p>\n","protected":false},"author":1,"featured_media":296354,"comment_status":"open","ping_status":"open","sticky":false,"template":"","format":"standard","meta":{"_monsterinsights_skip_tracking":false,"_monsterinsights_sitenote_active":false,"_monsterinsights_sitenote_note":"","_monsterinsights_sitenote_category":0,"footnotes":""},"categories":[5],"tags":[5828,43675],"class_list":["post-296353","post","type-post","status-publish","format-standard","has-post-thumbnail","hentry","category-estado-de-mexico","tag-eruviel-avila-villegas","tag-estado-de-mexico"],"_links":{"self":[{"href":"https:\/\/www.diarioimagen.net\/index.php?rest_route=\/wp\/v2\/posts\/296353","targetHints":{"allow":["GET"]}}],"collection":[{"href":"https:\/\/www.diarioimagen.net\/index.php?rest_route=\/wp\/v2\/posts"}],"about":[{"href":"https:\/\/www.diarioimagen.net\/index.php?rest_route=\/wp\/v2\/types\/post"}],"author":[{"embeddable":true,"href":"https:\/\/www.diarioimagen.net\/index.php?rest_route=\/wp\/v2\/users\/1"}],"replies":[{"embeddable":true,"href":"https:\/\/www.diarioimagen.net\/index.php?rest_route=%2Fwp%2Fv2%2Fcomments&post=296353"}],"version-history":[{"count":0,"href":"https:\/\/www.diarioimagen.net\/index.php?rest_route=\/wp\/v2\/posts\/296353\/revisions"}],"wp:featuredmedia":[{"embeddable":true,"href":"https:\/\/www.diarioimagen.net\/index.php?rest_route=\/wp\/v2\/media\/296354"}],"wp:attachment":[{"href":"https:\/\/www.diarioimagen.net\/index.php?rest_route=%2Fwp%2Fv2%2Fmedia&parent=296353"}],"wp:term":[{"taxonomy":"category","embeddable":true,"href":"https:\/\/www.diarioimagen.net\/index.php?rest_route=%2Fwp%2Fv2%2Fcategories&post=296353"},{"taxonomy":"post_tag","embeddable":true,"href":"https:\/\/www.diarioimagen.net\/index.php?rest_route=%2Fwp%2Fv2%2Ftags&post=296353"}],"curies":[{"name":"wp","href":"https:\/\/api.w.org\/{rel}","templated":true}]}}