{"id":296373,"date":"2016-10-31T18:00:36","date_gmt":"2016-11-01T00:00:36","guid":{"rendered":"http:\/\/www.diarioimagen.net\/?p=296373"},"modified":"2016-11-01T23:50:57","modified_gmt":"2016-11-02T05:50:57","slug":"brindaran-valoracion-medica-y-cirugias-correctivas-de-malformaciones-geneticas","status":"publish","type":"post","link":"https:\/\/www.diarioimagen.net\/?p=296373","title":{"rendered":"Brindar\u00e1n valoraci\u00f3n m\u00e9dica y cirug\u00edas correctivas de malformaciones gen\u00e9ticas"},"content":{"rendered":"<ul>\n<li><em><strong>En hospital general de Ixtapan de la Sal<\/strong><\/em><\/li>\n<\/ul>\n<p>&nbsp;<\/p>\n<div id=\"attachment_296374\" style=\"width: 470px\" class=\"wp-caption aligncenter\"><a href=\"http:\/\/www.diarioimagen.net\/?attachment_id=296374\" rel=\"attachment wp-att-296374\"><img loading=\"lazy\" decoding=\"async\" aria-describedby=\"caption-attachment-296374\" class=\"size-large wp-image-296374\" src=\"http:\/\/www.diarioimagen.net\/wp-content\/uploads\/2016\/10\/GABINETE1-portal-460x268.jpg\" alt=\"En el hospital general de Ixtapan de la Sal se llevar\u00e1n a cabo valoraciones m\u00e9dicas para diagnosticar malformaciones gen\u00e9ticas en ni\u00f1os y j\u00f3venes.\" width=\"460\" height=\"268\" srcset=\"https:\/\/www.diarioimagen.net\/wp-content\/uploads\/2016\/10\/GABINETE1-portal-460x268.jpg 460w, https:\/\/www.diarioimagen.net\/wp-content\/uploads\/2016\/10\/GABINETE1-portal-240x140.jpg 240w, https:\/\/www.diarioimagen.net\/wp-content\/uploads\/2016\/10\/GABINETE1-portal.jpg 480w\" sizes=\"auto, (max-width: 460px) 100vw, 460px\" \/><\/a><p id=\"caption-attachment-296374\" class=\"wp-caption-text\">En el hospital general de Ixtapan de la Sal se llevar\u00e1n a cabo valoraciones m\u00e9dicas para diagnosticar malformaciones gen\u00e9ticas en ni\u00f1os y j\u00f3venes.<\/p><\/div>\n<p>&nbsp;<\/p>\n<p><strong>Tenancingo, Estado de M\u00e9xico<\/strong>.- Al llevarse a cabo la d\u00e9cima reuni\u00f3n del gabinete regional n\u00famero VII, Alfredo Torres Mart\u00ednez, secretario de Desarrollo Urbano y Metropolitano, y presidente de dicho gabinete, dio a conocer que los d\u00edas 11 y 12 de noviembre en el hospital general de Ixtapan de la Sal, se llevar\u00e1n a cabo de forma gratuita valoraciones m\u00e9dicas para diagnosticar malformaciones gen\u00e9ticas en ni\u00f1os y j\u00f3venes, lo que permitir\u00e1 realizar operaciones correctivas sin costo a quienes lo requieran.<\/p>\n<p>Explic\u00f3 que esta jornada m\u00e9dica &#8211; quir\u00fargica estar\u00e1 abierta hasta el 17 de noviembre, cuando se concluyan las cirug\u00edas. Asimismo, este servicio est\u00e1 cerca de los habitantes de la regi\u00f3n VII, por lo cual invit\u00f3 a los 15 alcaldes que conforman el gabinete a informar en sus municipios sobre este beneficio.<\/p>\n<p>Los municipios beneficiados son: Almoloya de Alquisiras, Coatepec Harinas, Ixtapan de la Sal, Joquicingo, Malinalco, Ocuilan, San Sim\u00f3n de Guerrero, Sultepec, Temascaltepec, Tenancingo, Texcaltitl\u00e1n, Tonatico, Villa Guerrero, Zacualpan y Zumpahuac\u00e1n.<\/p>\n<p>Alfredo Torres agreg\u00f3 que el programa est\u00e1 a cargo del Instituto Mexicano del Seguro Social (IMSS), en coordinaci\u00f3n con la Secretar\u00eda de Salud de la entidad.<\/p>\n","protected":false},"excerpt":{"rendered":"<p>Al llevarse a cabo la d\u00e9cima reuni\u00f3n del gabinete regional n\u00famero VII, Alfredo Torres Mart\u00ednez, secretario de Desarrollo Urbano y Metropolitano, y presidente de dicho gabinete, dio a conocer que los d\u00edas 11 y 12 de noviembre en el hospital general de Ixtapan de la Sal, se llevar\u00e1n a cabo de forma gratuita valoraciones m\u00e9dicas para diagnosticar malformaciones gen\u00e9ticas en ni\u00f1os y j\u00f3venes, lo que permitir\u00e1 realizar operaciones correctivas sin costo a quienes lo requieran.<\/p>\n","protected":false},"author":5,"featured_media":296374,"comment_status":"open","ping_status":"open","sticky":false,"template":"","format":"standard","meta":{"_monsterinsights_skip_tracking":false,"_monsterinsights_sitenote_active":false,"_monsterinsights_sitenote_note":"","_monsterinsights_sitenote_category":0,"footnotes":""},"categories":[35155],"tags":[52670,24614,43675,250,14859],"class_list":["post-296373","post","type-post","status-publish","format-standard","has-post-thumbnail","hentry","category-estado-de-mexico-estado-de-mexico","tag-alfredo-torres-martinez","tag-cirugias","tag-estado-de-mexico","tag-ixtapan-de-la-sal","tag-tenancingo"],"_links":{"self":[{"href":"https:\/\/www.diarioimagen.net\/index.php?rest_route=\/wp\/v2\/posts\/296373","targetHints":{"allow":["GET"]}}],"collection":[{"href":"https:\/\/www.diarioimagen.net\/index.php?rest_route=\/wp\/v2\/posts"}],"about":[{"href":"https:\/\/www.diarioimagen.net\/index.php?rest_route=\/wp\/v2\/types\/post"}],"author":[{"embeddable":true,"href":"https:\/\/www.diarioimagen.net\/index.php?rest_route=\/wp\/v2\/users\/5"}],"replies":[{"embeddable":true,"href":"https:\/\/www.diarioimagen.net\/index.php?rest_route=%2Fwp%2Fv2%2Fcomments&post=296373"}],"version-history":[{"count":0,"href":"https:\/\/www.diarioimagen.net\/index.php?rest_route=\/wp\/v2\/posts\/296373\/revisions"}],"wp:featuredmedia":[{"embeddable":true,"href":"https:\/\/www.diarioimagen.net\/index.php?rest_route=\/wp\/v2\/media\/296374"}],"wp:attachment":[{"href":"https:\/\/www.diarioimagen.net\/index.php?rest_route=%2Fwp%2Fv2%2Fmedia&parent=296373"}],"wp:term":[{"taxonomy":"category","embeddable":true,"href":"https:\/\/www.diarioimagen.net\/index.php?rest_route=%2Fwp%2Fv2%2Fcategories&post=296373"},{"taxonomy":"post_tag","embeddable":true,"href":"https:\/\/www.diarioimagen.net\/index.php?rest_route=%2Fwp%2Fv2%2Ftags&post=296373"}],"curies":[{"name":"wp","href":"https:\/\/api.w.org\/{rel}","templated":true}]}}