{"id":296376,"date":"2016-10-31T17:00:33","date_gmt":"2016-10-31T23:00:33","guid":{"rendered":"http:\/\/www.diarioimagen.net\/?p=296376"},"modified":"2016-11-01T23:50:36","modified_gmt":"2016-11-02T05:50:36","slug":"avance-del-50-construccion-del-parque-ecologico-y-unidad-deportiva-en-atlacomulco","status":"publish","type":"post","link":"https:\/\/www.diarioimagen.net\/?p=296376","title":{"rendered":"Avance del 50% construcci\u00f3n del Parque Ecol\u00f3gico y Unidad Deportiva en Atlacomulco"},"content":{"rendered":"<ul>\n<li><em><strong>Tiene una superficie de 19.5 hect\u00e1reas<\/strong><\/em><\/li>\n<\/ul>\n<p>&nbsp;<\/p>\n<div id=\"attachment_296377\" style=\"width: 470px\" class=\"wp-caption aligncenter\"><a href=\"http:\/\/www.diarioimagen.net\/?attachment_id=296377\" rel=\"attachment wp-att-296377\"><img loading=\"lazy\" decoding=\"async\" aria-describedby=\"caption-attachment-296377\" class=\"size-large wp-image-296377\" src=\"http:\/\/www.diarioimagen.net\/wp-content\/uploads\/2016\/10\/PARQUE1-portal-460x268.jpg\" alt=\"El Gobierno del Estado de M\u00e9xico construye el Parque Ecol\u00f3gico y Unidad Deportiva del municipio de Atlacomulco.\" width=\"460\" height=\"268\" srcset=\"https:\/\/www.diarioimagen.net\/wp-content\/uploads\/2016\/10\/PARQUE1-portal-460x268.jpg 460w, https:\/\/www.diarioimagen.net\/wp-content\/uploads\/2016\/10\/PARQUE1-portal-240x140.jpg 240w, https:\/\/www.diarioimagen.net\/wp-content\/uploads\/2016\/10\/PARQUE1-portal.jpg 480w\" sizes=\"auto, (max-width: 460px) 100vw, 460px\" \/><\/a><p id=\"caption-attachment-296377\" class=\"wp-caption-text\">El Gobierno del Estado de M\u00e9xico construye el Parque Ecol\u00f3gico y Unidad Deportiva del municipio de Atlacomulco.<\/p><\/div>\n<p>&nbsp;<\/p>\n<p><strong>Atlacomulco, Estado de M\u00e9xico<\/strong>.- Con un avance superior al 50 por ciento, el Gobierno del Estado de M\u00e9xico construye el Parque Ecol\u00f3gico y Unidad Deportiva del municipio de Atlacomulco, que se lleva a cabo en una superficie de 19.5 hect\u00e1reas y contar\u00e1 con una cancha de futbol r\u00e1pido, una m\u00e1s de usos m\u00faltiples, \u00e1reas verdes, ciclov\u00eda, trotapista, humedales artificiales, muelle, ramblas, cancha de futbol 7, as\u00ed como andadores peatonales, skatepark y foro abierto.<\/p>\n<p>\u201cLa vocaci\u00f3n ecol\u00f3gica del parque obedece a que tendr\u00e1 una serie de humedales artificiales, juegos acu\u00e1ticos y una serie de tres lagos, con una superficie superior a 17 mil metros cuadrados, que ayudar\u00e1n al preservar el entorno ecol\u00f3gico de la zona\u201d, explic\u00f3 Homero Navarrete, director de Administraci\u00f3n e Obra P\u00fablica.<\/p>\n<p>El proyecto que se edifica en conjunto entre el Gobierno de la Rep\u00fablica y el del Estado de M\u00e9xico, contempla adem\u00e1s un mirador que permitir\u00e1 tener una vista total de las 19.5 hect\u00e1reas del parque y todas sus instalaciones; tendr\u00e1 accesibilidad para personas con discapacidad, juegos infantiles para ni\u00f1os de entre 2 y 5 a\u00f1os, y un m\u00f3dulo adicional para menores de entre 6 y 12 a\u00f1os adem\u00e1s de contar con ejercitadores y una fuente laberinto.<\/p>\n<p>El lugar tendr\u00e1 una capacidad para mil 120 personas y contar\u00e1 con un estacionamiento para 218 veh\u00edculos.<\/p>\n<p>\u201cAl estar delimitado por una cerca perimetral, el parque y deportivo ofrece excelentes espacios, entre los que habr\u00e1 zona de picnic, a fin de fomentar la convivencia social y al mismo tiempo la reconstituci\u00f3n del tejido social, que son una prioridad que ha dictado el ejecutivo estatal para beneficio de los mexiquenses\u201d, agreg\u00f3 el director de Obra P\u00fablica.<\/p>\n<p>Reiter\u00f3 que \u00e9ste como el resto de los espacios deportivos que se han construido en el Estado de M\u00e9xico durante la actual administraci\u00f3n, est\u00e1n enfocados a tener familias m\u00e1s felices, mexiquenses m\u00e1s sanos y con mejores servicios, procurando con este tipo de proyectos impulsar el desarrollo, social, familiar y econ\u00f3mico de las diferentes regiones de la entidad.<\/p>\n","protected":false},"excerpt":{"rendered":"<p>Con un avance superior al 50 por ciento, el Gobierno del Estado de M\u00e9xico construye el Parque Ecol\u00f3gico y Unidad Deportiva del municipio de Atlacomulco, que se lleva a cabo en una superficie de 19.5 hect\u00e1reas y contar\u00e1 con una cancha de futbol r\u00e1pido, una m\u00e1s de usos m\u00faltiples, \u00e1reas verdes, ciclov\u00eda, trotapista, humedales artificiales, muelle, ramblas, cancha de futbol 7, as\u00ed como andadores peatonales, skatepark y foro abierto.<\/p>\n","protected":false},"author":5,"featured_media":296377,"comment_status":"open","ping_status":"open","sticky":false,"template":"","format":"standard","meta":{"_monsterinsights_skip_tracking":false,"_monsterinsights_sitenote_active":false,"_monsterinsights_sitenote_note":"","_monsterinsights_sitenote_category":0,"footnotes":""},"categories":[35155],"tags":[1302,43675],"class_list":["post-296376","post","type-post","status-publish","format-standard","has-post-thumbnail","hentry","category-estado-de-mexico-estado-de-mexico","tag-atlacomulco","tag-estado-de-mexico"],"_links":{"self":[{"href":"https:\/\/www.diarioimagen.net\/index.php?rest_route=\/wp\/v2\/posts\/296376","targetHints":{"allow":["GET"]}}],"collection":[{"href":"https:\/\/www.diarioimagen.net\/index.php?rest_route=\/wp\/v2\/posts"}],"about":[{"href":"https:\/\/www.diarioimagen.net\/index.php?rest_route=\/wp\/v2\/types\/post"}],"author":[{"embeddable":true,"href":"https:\/\/www.diarioimagen.net\/index.php?rest_route=\/wp\/v2\/users\/5"}],"replies":[{"embeddable":true,"href":"https:\/\/www.diarioimagen.net\/index.php?rest_route=%2Fwp%2Fv2%2Fcomments&post=296376"}],"version-history":[{"count":0,"href":"https:\/\/www.diarioimagen.net\/index.php?rest_route=\/wp\/v2\/posts\/296376\/revisions"}],"wp:featuredmedia":[{"embeddable":true,"href":"https:\/\/www.diarioimagen.net\/index.php?rest_route=\/wp\/v2\/media\/296377"}],"wp:attachment":[{"href":"https:\/\/www.diarioimagen.net\/index.php?rest_route=%2Fwp%2Fv2%2Fmedia&parent=296376"}],"wp:term":[{"taxonomy":"category","embeddable":true,"href":"https:\/\/www.diarioimagen.net\/index.php?rest_route=%2Fwp%2Fv2%2Fcategories&post=296376"},{"taxonomy":"post_tag","embeddable":true,"href":"https:\/\/www.diarioimagen.net\/index.php?rest_route=%2Fwp%2Fv2%2Ftags&post=296376"}],"curies":[{"name":"wp","href":"https:\/\/api.w.org\/{rel}","templated":true}]}}