{"id":296417,"date":"2016-11-01T00:01:19","date_gmt":"2016-11-01T06:01:19","guid":{"rendered":"http:\/\/www.diarioimagen.net\/?p=296417"},"modified":"2016-11-01T05:45:05","modified_gmt":"2016-11-01T11:45:05","slug":"con-una-inversion-total-de-15-millones-de-dolares-el-presidente-intercontinental-cozumel-resort-spa-abrio-sus-instalaciones","status":"publish","type":"post","link":"https:\/\/www.diarioimagen.net\/?p=296417","title":{"rendered":"Con una inversi\u00f3n total de 15 millones de d\u00f3lares, el <em>Presidente InterContinental Cozumel Resort &#038; Spa<\/em>, abri\u00f3 sus instalaciones"},"content":{"rendered":"<h2>De cinco estrellas<\/h2>\n<h5>Victoria Gonz\u00e1lez Prado<\/h5>\n<p>&nbsp;<\/p>\n<ul>\n<li><em><strong>Presentan a socios de negocio y clientes las remodelaciones del <\/strong><\/em><strong>Wyndham Garden Guadalajara<\/strong><\/li>\n<li><em><strong>Premian a la OCV Guanajuato como la \u2018Mejor Oficina de Convenciones y Visitantes\u2019<\/strong><\/em><\/li>\n<\/ul>\n<p>&nbsp;<\/p>\n<div id=\"attachment_296504\" style=\"width: 470px\" class=\"wp-caption aligncenter\"><a href=\"http:\/\/www.diarioimagen.net\/?attachment_id=296504\" rel=\"attachment wp-att-296504\"><img loading=\"lazy\" decoding=\"async\" aria-describedby=\"caption-attachment-296504\" class=\"size-large wp-image-296504\" src=\"http:\/\/www.diarioimagen.net\/wp-content\/uploads\/2016\/11\/turismo-2987-460x259.jpg\" alt=\"El hotel en Cozumel.\" width=\"460\" height=\"259\" srcset=\"https:\/\/www.diarioimagen.net\/wp-content\/uploads\/2016\/11\/turismo-2987-460x259.jpg 460w, https:\/\/www.diarioimagen.net\/wp-content\/uploads\/2016\/11\/turismo-2987-240x135.jpg 240w, https:\/\/www.diarioimagen.net\/wp-content\/uploads\/2016\/11\/turismo-2987-235x132.jpg 235w, https:\/\/www.diarioimagen.net\/wp-content\/uploads\/2016\/11\/turismo-2987-202x114.jpg 202w, https:\/\/www.diarioimagen.net\/wp-content\/uploads\/2016\/11\/turismo-2987-350x196.jpg 350w, https:\/\/www.diarioimagen.net\/wp-content\/uploads\/2016\/11\/turismo-2987-220x123.jpg 220w, https:\/\/www.diarioimagen.net\/wp-content\/uploads\/2016\/11\/turismo-2987-237x132.jpg 237w, https:\/\/www.diarioimagen.net\/wp-content\/uploads\/2016\/11\/turismo-2987.jpg 480w\" sizes=\"auto, (max-width: 460px) 100vw, 460px\" \/><\/a><p id=\"caption-attachment-296504\" class=\"wp-caption-text\">El hotel en Cozumel.<\/p><\/div>\n<p>&nbsp;<\/p>\n<p>Con una inversi\u00f3n total de 15 millones de d\u00f3lares, el <em>Presidente InterContinental Cozumel Resort &amp; Spa,<\/em> despu\u00e9s de cuatro meses de trabajos que requirieron el cierre total de la propiedad, abri\u00f3 sus instalaciones, reafirmando su liderazgo como el mejor hotel del destino y \u00fanico miembro Virtuoso de la isla, declarada recientemente Patrimonio Hist\u00f3rico de la Humanidad por la Unesco.<\/p>\n<p>A la entrada, un imponente muro de piedra con el logotipo de la propiedad recibe a los hu\u00e9spedes y los encamina al amplio <em>Motor Lobby,<\/em> en cuyo interior se incorpor\u00f3 un espejo de agua como parte de los nuevos elementos decorativos. El nuevo inventario del hotel se compone por 218 habitaciones que incluyen dos lujosas Suites Presidenciales de amplios y c\u00f3modos espacios, amenidades de la marca <em>L\u00b4Occitane<\/em> y tecnolog\u00eda de \u00faltima generaci\u00f3n.<\/p>\n<p>Con 522 m<sup>2 <\/sup>y completamente renovada, la Suite Presidencial \u201cZafiro\u201d es la m\u00e1s exclusiva de la isla. Su privilegiada ubicaci\u00f3n le otorga magn\u00edficas vistas del paisaje y total privacidad.<\/p>\n<p>\u201cEsmeralda\u201d, la segunda Suite Presidencial ubicada en el centro del Resort, con una superficie de 415 m<sup>2<\/sup> y las m\u00e1s incre\u00edbles vistas al mar Caribe.<\/p>\n<p>Cada habitaci\u00f3n cuenta con un vest\u00edbulo, cuyo centro se adorna con una pieza de arte de la dise\u00f1adora <strong>Tania Zald<\/strong>\u00ed<strong>var<\/strong> especialmente elaboradas para el proyecto o bien, por un lambrin de madera que abre camino al resto de la habitaci\u00f3n. Las habitaciones tienen un dise\u00f1o contempor\u00e1neo donde destaca el uso de mobiliario de estilo mexicano fabricado en finas maderas artesanales elaboradas con materiales naturales en colores que armonizan con las tonalidades del mar Caribe.<\/p>\n<p>Los diferentes tipos de habitaciones se diferencian por un color el cual predomina en los diferentes elementos de la habitaci\u00f3n. De entre todas las gamas de azul y verde se eligieron los Jade, Turquesa, <em>Acqua,<\/em> Ultramarino, \u00cdndigo; Zafiro y Esmeralda para las dos Suites Presidenciales.<\/p>\n<p>Los exteriores tambi\u00e9n se renovaron: la alberca principal adopt\u00f3 un concepto de <em>infinity pool, <\/em>en la alberca para adultos se realizaron cambios en el acabado interior d\u00e1ndole un nuevo <em>look<\/em>.<\/p>\n<p>Para redondear la experiencia en exteriores se agregaron 10 caba\u00f1as, cuatro en el \u00e1rea de alberca equipadas con pantalla LCD, frigobar y caja de seguridad para comodidad de los usuarios. El resto est\u00e1n ubicadas en el muelle del restaurante y club de playa <em>Le Cap<\/em>.<\/p>\n<p>La cereza del pastel es para \u201c<em>The Spa<\/em>\u201d un exclusivo centro de belleza y relajaci\u00f3n con una extensa variedad de tratamientos corporales y faciales. Ning\u00fan viaje estar\u00eda completo sin una experiencia culinaria y destacan tres restaurantes: El Caribe\u00f1o, a pie de playa, que regala a los visitamtes un escenario inigualable bajo la sombra de una palapa gigante. Sirve especialidades mexicanas, regionales e internacionales.<\/p>\n<p><em>Trattoria<\/em> Alfredo Di Roma: un cl\u00e1sico italiano que combina alta cocina de Italia con deliciosos mariscos frescos y el aut\u00e9ntico Fettuccine Alfredo y una amplia selecci\u00f3n de vinos nacionales e internacionales.<\/p>\n<p><em>Le Cap, Beach Club:<\/em> nuevo concepto que emula al Mediterr\u00e1neo con su dise\u00f1o y carta de pescados, mariscos y cortes preparados con horno de le\u00f1a.<\/p>\n<p>El hotel <em>Presidente Intercontinental<\/em> <em>Cozumel Resort &amp; Spa<\/em> cuenta con <em>Scuba Du<\/em>, centro de buceo PADI con la distinci\u00f3n <em>Gold Palm Dive Center. <\/em>Para los amante<em>s<\/em> del golf, el <em>Cozumel Country Club<\/em>, un campo de 18 hoyos Par 72 dise\u00f1ado por la firma <strong>Nicklaus<\/strong> <em>Design Group<\/em>, donde desde hace ocho a\u00f1os el hotel celebra su torneo anual de golf.<\/p>\n<p>\u2730\u2730\u2730\u2730\u2730 Ubicado en Andares, en Guadalajara, el hotel <em>Wyndham Garden<\/em> <em>Guadalajara Acueducto<\/em> operado por\u00a0Grupo Hotelero Fibra Inn, present\u00f3 a sus socios de negocio y clientes sus remodelaciones y los elementos que lo posicionan como el favorito de los viajeros de negocios en la ciudad.<\/p>\n<p>Tras un largo proceso de renovaci\u00f3n y cambio de marca, el inmueble complementa la oferta del Grupo Hotelero en el estado, el cual suma seis hoteles en total, destinados a ofrecer un hospedaje que excede las expectativas de los viajeros.<\/p>\n<p>En un evento de presentaci\u00f3n encabezado por <strong>Rafael de la Mora<\/strong>, director general de Grupo Hotelero Fibra Inn, el hotel abri\u00f3 sus puertas a los socios y clientes del grupo para finalizar oficialmente los trabajos de remodelaci\u00f3n y dar inicio a la operaci\u00f3n en su totalidad.<\/p>\n<p>\u201cEstamos muy orgullosos de este proyecto, porque presentamos oficialmente al m\u00e1s nuevo\u00a0 integrante de nuestro portafolio en la ciudad, adem\u00e1s que la marca se ha convertido en un favorito entre los viajeros por su ubicaci\u00f3n y servicio\u201d, coment\u00f3 el directivo.<\/p>\n<p>El hotel con 186 habitaciones espera llegar a\u00a0una\u00a0ocupaci\u00f3n promedio de 61%. Tiene seis suites perfectas para viajeros de negocio o placer, internet de alta velocidad en cortes\u00eda y excelentes opciones de alimentos.<\/p>\n<p>Cuenta con la m\u00e1s alta tecnolog\u00eda sustentable que\u00a0representa un ahorro de 600 m3 en el consumo de agua durante el primer semestre del a\u00f1o respecto al 2015, y la instalaci\u00f3n de iluminaci\u00f3n <em>leed <\/em>en todo el hotel, aire acondicionado y elevadores m\u00e1s eficientes que representan un ahorro de 91,366 kw en\u00a0el primer semestre del a\u00f1o respecto a 2015.<\/p>\n<p>\u2730\u2730\u2730\u2730\u2730 La Oficina de Convenciones y Visitantes del estado de Guanajuato (OCV Guanajuato) obtuvo el reconocimiento como Mejor Oficina de Convenciones y Visitantes de M\u00e9xico por la Revista Convenciones Latinoam\u00e9rica.<\/p>\n<p>La directora general de la Oficina de Convenciones y Visitantes de Guanajuato, <strong>Denisse Michelini<\/strong> recibi\u00f3 el galard\u00f3n, durante la cena de reconocimiento a la calidad, donde se\u00f1al\u00f3 que por primera vez Guanajuato recibe este premio, posicion\u00e1ndose por encima de la OCV Canc\u00fan y OCV Los Cabos.<\/p>\n<p><strong>Michelini<\/strong>, destac\u00f3: \u201cestamos muy orgullosos de recibir este premio, es un honor haber competido con destinos de playa como Canc\u00fan y Los Cabos. Estamos maravillados y agradecidos, con los <em>meetings planners<\/em> y organizadores que nos calificaron de esta manera e hicieron posible este galard\u00f3n\u201d.<\/p>\n<p>La Oficina de Convenciones y Visitantes implementa acciones de promoci\u00f3n, planes corporativos y agentes de viajes, para conjuntar las estrategias que posicionen al destino en el gusto del turista, con presencia en eventos, exposiciones y reuniones con <em>meetings planners<\/em> y organizadores de eventos para vender el destino. La OCV Guanajuato cerrar\u00e1 el a\u00f1o con 24 convenciones y la incursi\u00f3n al turismo de romance.<\/p>\n<p><em><a href=\"mailto:victoriagprado@gmail.com\" target=\"_blank\">victoriagprado@gmail.com<\/a><\/em><br \/>\n<em> Twitter: <a href=\"https:\/\/twitter.com\/victoriagprado\" target=\"_blank\">@victoriagprado<\/a><\/em><\/p>\n","protected":false},"excerpt":{"rendered":"<p>Con una inversi\u00f3n total de 15 millones de d\u00f3lares, el <em>Presidente InterContinental Cozumel Resort &amp; Spa,<\/em> despu\u00e9s de cuatro meses de trabajos que requirieron el cierre total de la propiedad, abri\u00f3 sus instalaciones, reafirmando su liderazgo como el mejor hotel del destino y \u00fanico miembro Virtuoso de la isla, declarada recientemente Patrimonio Hist\u00f3rico de la Humanidad por la Unesco.<\/p>\n","protected":false},"author":3,"featured_media":296504,"comment_status":"open","ping_status":"open","sticky":false,"template":"","format":"standard","meta":{"_monsterinsights_skip_tracking":false,"_monsterinsights_sitenote_active":false,"_monsterinsights_sitenote_note":"","_monsterinsights_sitenote_category":0,"footnotes":""},"categories":[11],"tags":[107,43674,43681,106],"class_list":["post-296417","post","type-post","status-publish","format-standard","has-post-thumbnail","hentry","category-turismo","tag-de-cinco-estrellas","tag-opinion","tag-turismo","tag-victoria-gonzalez-prado"],"_links":{"self":[{"href":"https:\/\/www.diarioimagen.net\/index.php?rest_route=\/wp\/v2\/posts\/296417","targetHints":{"allow":["GET"]}}],"collection":[{"href":"https:\/\/www.diarioimagen.net\/index.php?rest_route=\/wp\/v2\/posts"}],"about":[{"href":"https:\/\/www.diarioimagen.net\/index.php?rest_route=\/wp\/v2\/types\/post"}],"author":[{"embeddable":true,"href":"https:\/\/www.diarioimagen.net\/index.php?rest_route=\/wp\/v2\/users\/3"}],"replies":[{"embeddable":true,"href":"https:\/\/www.diarioimagen.net\/index.php?rest_route=%2Fwp%2Fv2%2Fcomments&post=296417"}],"version-history":[{"count":0,"href":"https:\/\/www.diarioimagen.net\/index.php?rest_route=\/wp\/v2\/posts\/296417\/revisions"}],"wp:featuredmedia":[{"embeddable":true,"href":"https:\/\/www.diarioimagen.net\/index.php?rest_route=\/wp\/v2\/media\/296504"}],"wp:attachment":[{"href":"https:\/\/www.diarioimagen.net\/index.php?rest_route=%2Fwp%2Fv2%2Fmedia&parent=296417"}],"wp:term":[{"taxonomy":"category","embeddable":true,"href":"https:\/\/www.diarioimagen.net\/index.php?rest_route=%2Fwp%2Fv2%2Fcategories&post=296417"},{"taxonomy":"post_tag","embeddable":true,"href":"https:\/\/www.diarioimagen.net\/index.php?rest_route=%2Fwp%2Fv2%2Ftags&post=296417"}],"curies":[{"name":"wp","href":"https:\/\/api.w.org\/{rel}","templated":true}]}}