{"id":296626,"date":"2016-11-02T00:10:33","date_gmt":"2016-11-02T06:10:33","guid":{"rendered":"http:\/\/www.diarioimagen.net\/?p=296626"},"modified":"2016-11-02T02:21:27","modified_gmt":"2016-11-02T08:21:27","slug":"brindar-educacion-de-calidad-prioridad-del-gobierno-mexiquense","status":"publish","type":"post","link":"https:\/\/www.diarioimagen.net\/?p=296626","title":{"rendered":"Brindar una educaci\u00f3n de calidad, prioridad del GEM"},"content":{"rendered":"<ul>\n<li><strong><em>Escuch\u00f3 sus planteamientos en torno a las necesidades en planteles<\/em><\/strong><\/li>\n<\/ul>\n<p>&nbsp;<\/p>\n<div id=\"attachment_296627\" style=\"width: 470px\" class=\"wp-caption aligncenter\"><a href=\"http:\/\/www.diarioimagen.net\/?attachment_id=296627\" rel=\"attachment wp-att-296627\"><img loading=\"lazy\" decoding=\"async\" aria-describedby=\"caption-attachment-296627\" class=\"wp-image-296627 size-large\" src=\"http:\/\/www.diarioimagen.net\/wp-content\/uploads\/2016\/11\/EDUCACION2-portal-460x268.jpg\" alt=\"La secretaria de Educaci\u00f3n, Ana Lilia Herrera Anzaldo, sostuvo una reuni\u00f3n de trabajo con supervisores escolares del sur de la entidad. \" width=\"460\" height=\"268\" srcset=\"https:\/\/www.diarioimagen.net\/wp-content\/uploads\/2016\/11\/EDUCACION2-portal-460x268.jpg 460w, https:\/\/www.diarioimagen.net\/wp-content\/uploads\/2016\/11\/EDUCACION2-portal-240x140.jpg 240w, https:\/\/www.diarioimagen.net\/wp-content\/uploads\/2016\/11\/EDUCACION2-portal.jpg 480w\" sizes=\"auto, (max-width: 460px) 100vw, 460px\" \/><\/a><p id=\"caption-attachment-296627\" class=\"wp-caption-text\">La secretaria de Educaci\u00f3n, Ana Lilia Herrera Anzaldo, sostuvo una reuni\u00f3n de trabajo con supervisores escolares del sur de la entidad.<\/p><\/div>\n<p>&nbsp;<\/p>\n<p><strong>Villa Victoria, Estado de M\u00e9xico<\/strong>.- Impartir educaci\u00f3n de calidad para las ni\u00f1as y ni\u00f1os del Estado de M\u00e9xico es el objetivo principal del gobernador, Eruviel \u00c1vila Villegas, y en esa tarea los docentes cumplen la responsabilidad m\u00e1s importante frente al aula, al actualizarse permanentemente y atender las necesidades espec\u00edficas que se presentan en sus escuelas, expres\u00f3 la secretaria de Educaci\u00f3n, Ana Lilia Herrera Anzaldo.<\/p>\n<p>Durante una reuni\u00f3n de trabajo con supervisores escolares de la zona sur de la entidad, Herrera Anzaldo escuch\u00f3 sus planteamientos en torno a las prioridades que deben atenderse en los planteles y con ello fortalecer la ense\u00f1anza de las y los ni\u00f1os mexiquenses, para garantizar que alcancen sus metas y sue\u00f1os.<\/p>\n<p>En ese sentido, los supervisores reconocieron el inter\u00e9s del gobierno estatal para escuchar y trabajar en equipo con el magisterio. Al respecto, la secretaria Ana Lilia Herrera subray\u00f3 que se defender\u00e1n y preservar\u00e1n las condiciones laborales de los docentes mexiquenses, al tiempo que reconoci\u00f3 que el Estado de M\u00e9xico es la entidad n\u00famero uno en la evaluaci\u00f3n al desempe\u00f1o de sus profesoras y profesores, quienes han obtenido resultados buenos y sobresalientes en 55 por ciento de los casos, adem\u00e1s de que han cumplido -en tiempo y forma- con los procesos de capacitaci\u00f3n y actualizaci\u00f3n.<\/p>\n<p>Adicionalmente, Herrera Anzaldo inform\u00f3 que se realizan las gestiones necesarias, ante las instancias federales, para obtener -en 2017- los recursos que permitan la operaci\u00f3n de los diferentes programas educativos, as\u00ed como mejorar las condiciones en los planteles escolares.<\/p>\n","protected":false},"excerpt":{"rendered":"<p>Impartir educaci\u00f3n de calidad para las ni\u00f1as y ni\u00f1os del Estado de M\u00e9xico es el objetivo principal del gobernador, Eruviel \u00c1vila Villegas, y en esa tarea los docentes cumplen la responsabilidad m\u00e1s importante frente al aula, al actualizarse permanentemente y atender las necesidades espec\u00edficas que se presentan en sus escuelas, expres\u00f3 la secretaria de Educaci\u00f3n, Ana Lilia Herrera Anzaldo.<\/p>\n","protected":false},"author":5,"featured_media":296627,"comment_status":"open","ping_status":"open","sticky":false,"template":"","format":"standard","meta":{"_monsterinsights_skip_tracking":false,"_monsterinsights_sitenote_active":false,"_monsterinsights_sitenote_note":"","_monsterinsights_sitenote_category":0,"footnotes":""},"categories":[5],"tags":[3314,43694,5828,43675,5070],"class_list":["post-296626","post","type-post","status-publish","format-standard","has-post-thumbnail","hentry","category-estado-de-mexico","tag-ana-lilia-herrera-anzaldo","tag-educacion","tag-eruviel-avila-villegas","tag-estado-de-mexico","tag-villa-victoria"],"_links":{"self":[{"href":"https:\/\/www.diarioimagen.net\/index.php?rest_route=\/wp\/v2\/posts\/296626","targetHints":{"allow":["GET"]}}],"collection":[{"href":"https:\/\/www.diarioimagen.net\/index.php?rest_route=\/wp\/v2\/posts"}],"about":[{"href":"https:\/\/www.diarioimagen.net\/index.php?rest_route=\/wp\/v2\/types\/post"}],"author":[{"embeddable":true,"href":"https:\/\/www.diarioimagen.net\/index.php?rest_route=\/wp\/v2\/users\/5"}],"replies":[{"embeddable":true,"href":"https:\/\/www.diarioimagen.net\/index.php?rest_route=%2Fwp%2Fv2%2Fcomments&post=296626"}],"version-history":[{"count":0,"href":"https:\/\/www.diarioimagen.net\/index.php?rest_route=\/wp\/v2\/posts\/296626\/revisions"}],"wp:featuredmedia":[{"embeddable":true,"href":"https:\/\/www.diarioimagen.net\/index.php?rest_route=\/wp\/v2\/media\/296627"}],"wp:attachment":[{"href":"https:\/\/www.diarioimagen.net\/index.php?rest_route=%2Fwp%2Fv2%2Fmedia&parent=296626"}],"wp:term":[{"taxonomy":"category","embeddable":true,"href":"https:\/\/www.diarioimagen.net\/index.php?rest_route=%2Fwp%2Fv2%2Fcategories&post=296626"},{"taxonomy":"post_tag","embeddable":true,"href":"https:\/\/www.diarioimagen.net\/index.php?rest_route=%2Fwp%2Fv2%2Ftags&post=296626"}],"curies":[{"name":"wp","href":"https:\/\/api.w.org\/{rel}","templated":true}]}}