{"id":296758,"date":"2016-11-02T00:08:27","date_gmt":"2016-11-02T06:08:27","guid":{"rendered":"http:\/\/www.diarioimagen.net\/?p=296758"},"modified":"2016-11-02T06:36:42","modified_gmt":"2016-11-02T12:36:42","slug":"caos-en-veracruz","status":"publish","type":"post","link":"https:\/\/www.diarioimagen.net\/?p=296758","title":{"rendered":"Caos en Veracruz"},"content":{"rendered":"<h2>Punto por punto<\/h2>\n<h5>Augusto Corro<\/h5>\n<p>&nbsp;<\/p>\n<div id=\"attachment_296864\" style=\"width: 470px\" class=\"wp-caption aligncenter\"><a href=\"http:\/\/www.diarioimagen.net\/?attachment_id=296864\" rel=\"attachment wp-att-296864\"><img loading=\"lazy\" decoding=\"async\" aria-describedby=\"caption-attachment-296864\" class=\"wp-image-296864 size-large\" src=\"http:\/\/www.diarioimagen.net\/wp-content\/uploads\/2016\/11\/MARAL-2988-460x324.jpg\" alt=\"maral-2988\" width=\"460\" height=\"324\" srcset=\"https:\/\/www.diarioimagen.net\/wp-content\/uploads\/2016\/11\/MARAL-2988-460x324.jpg 460w, https:\/\/www.diarioimagen.net\/wp-content\/uploads\/2016\/11\/MARAL-2988-240x169.jpg 240w, https:\/\/www.diarioimagen.net\/wp-content\/uploads\/2016\/11\/MARAL-2988-768x540.jpg 768w, https:\/\/www.diarioimagen.net\/wp-content\/uploads\/2016\/11\/MARAL-2988.jpg 1200w\" sizes=\"auto, (max-width: 460px) 100vw, 460px\" \/><\/a><p id=\"caption-attachment-296864\" class=\"wp-caption-text\">Maral<\/p><\/div>\n<p>&nbsp;<\/p>\n<p>Al gobernador con licencia de Veracruz, Javier Duarte de Ochoa, se lo trag\u00f3 la tierra. Su paradero es toda una inc\u00f3gnita. El martes en la noche fue ubicado en un rancho de Chiapas, pero el mi\u00e9rcoles las autoridades federales dijeron que el pr\u00f3fugo no se encontraba en ese lugar.<\/p>\n<p>Mientras buscan al ex mandatario, en Veracruz hay problemas por falta de dinero en las alcald\u00edas. La escasez de recursos econ\u00f3micos llevar\u00eda a cerrar las puertas de 50 administraciones municipales. En Apazapan, los integrantes del ayuntamiento ya no despachan en sus oficinas.<\/p>\n<p>Dijo el alcalde de Boca del R\u00edo, Miguel \u00c1ngel Yunes, que los municipios veracruzanos est\u00e1n al borde del colapso. \u201cNo hay gobierno en Veracruz\u201d, recalc\u00f3.<\/p>\n<p>Los ediles exigen que les entreguen 14 mil millones de pesos que el gobierno federal destin\u00f3 para los ayuntamientos, pero que desvi\u00f3 el ex gobernador a otras \u00e1reas. El gobierno estatal tiene deudas econ\u00f3micas con diferentes sectores sociales, entre otros maestros, pensionados, empresarios y burocracia. La situaci\u00f3n se complica porque el mandatario electo, Miguel \u00c1ngel Yunes Linares, tomar\u00e1 posesi\u00f3n del cargo el pr\u00f3ximo 1 de diciembre.<\/p>\n<p>El descontento de los alcaldes no cede. Manifestaron que continuar\u00e1n acampados en el palacio de gobierno en Xalapa hasta que les resuelvan el problema. A la hora de redactar estas l\u00edneas, el gobernador interino, Flavino R\u00edos, no asisti\u00f3 a la reuni\u00f3n con los mun\u00edcipes rebeldes, \u201cporque, seg\u00fan dijo, no hab\u00eda condiciones de seguridad para sostener un di\u00e1logo\u201d.<\/p>\n<p>Se inform\u00f3 que durante el transcurso de la ma\u00f1ana de ayer martes, se reunir\u00edan los representantes del gobierno saliente y entrante para tratar asuntos relacionados con el cambio del poder, que ostentaron los pri\u00edstas por d\u00e9cadas,\u00a0 para entregarlo al candidato ganador de la alianza PAN-PRD.<\/p>\n<p>La derrota pri\u00edsta estaba anunciada con mucha anticipaci\u00f3n en aquella entidad, debido al p\u00e9simo gobierno de Duarte, que de acuerdo con sus detractores, logr\u00f3 acumular una riqueza fabulosa con el saqueo del erario. Pero no fue el \u00fanico en beneficiarse de los recursos p\u00fablicos, tambi\u00e9n salpic\u00f3 del dinero mal habido a una banda de amigos.\u00a0 \u00bfSer\u00e1 Veracruz un estado fallido? Prevalece la incertidumbre de su futuro.<\/p>\n<p style=\"text-align: center;\"><strong>M\u00c1S VALE TARDE\u2026<\/strong><\/p>\n<p>Al Instituto Nacional Electoral (INE), al fin se le ocurri\u00f3 frenar la campa\u00f1a pol\u00edtica del gobernador de Puebla, Rafael Moreno Valle, que busca la candidatura presidencial panista para el 2018. La imagen del pol\u00edtico poblano aparece hasta en la sopa, como se dice coloquialmente, adem\u00e1s de figurar en los llamados espectaculares, revistas en todo el pa\u00eds.<\/p>\n<p>La semana pasada el mandatario estatal estuvo en Colombia para participar en una reuni\u00f3n internacional de empresarios. \u00bfQu\u00e9 obtuvo el gobernador para su estado? Nada. Si acaso el logr\u00f3 que lo conocieran los hombres de negocios. Apenas el domingo estuvo en Chiapas para continuar su campa\u00f1a.<\/p>\n<p>El gobernador dijo que una vez que termine su administraci\u00f3n, en febrero pr\u00f3ximo, se dedicar\u00e1 \u201cen cuerpo y alma a buscar ser el candidato (presidencial)\u201d. En la realidad, Moreno Valle se promueve desde hace varios meses, sin ning\u00fan obst\u00e1culo en su camino. Por lo menos recorri\u00f3 14 estados: Zacatecas, Estado de M\u00e9xico, San Luis Potos\u00ed, Morelos, Hidalgo, Colima, Guerrero, Quintana Roo, Tlaxcala, Oaxaca, Tabasco, Yucat\u00e1n y Nayarit.<\/p>\n<p>El panista Jos\u00e9 Luis Luege, ex funcionario calderonista, declar\u00f3 que el gobernador Moreno Valle debe explicar c\u00f3mo financia su campa\u00f1a propagand\u00edstica, \u201cporque las consecuencias por gastos anticipados pueden llegar al PAN. Estamos ante un claro problema de ostentaci\u00f3n de gastos y eso debe importarle al partido\u201d.<\/p>\n<p>Tambi\u00e9n agreg\u00f3 que si fuera el presidente del PAN \u201cya le hubiera ordenado que frenar\u00e1 esa campa\u00f1a\u201d.<\/p>\n<p>El INE, despu\u00e9s de pensarlo mucho decidi\u00f3 frenar la campa\u00f1a de Moreno\u00a0 Valle y le orden\u00f3 suspender y cancelar la difusi\u00f3n de su propaganda con la leyenda \u201cel nuevo presidenciable\u201d, colocada en espectaculares, transporte p\u00fablico, y en\u00a0 versiones impresas y digitales de medios.<\/p>\n<p>\u00bfObedecer\u00e1 la orden el ambicioso pol\u00edtico?<\/p>\n<p><em><a href=\"mailto:aco2742@hotmail.com\" target=\"_blank\">aco2742@hotmail.com<\/a><\/em><\/p>\n","protected":false},"excerpt":{"rendered":"<p><span style=\"color: #005497;\"><strong>Augusto Corro<\/strong><\/span><br \/>\n<br \/>\nAl gobernador con licencia de Veracruz, Javier Duarte de Ochoa, se lo trag\u00f3 la tierra. Su paradero es toda una inc\u00f3gnita. El martes en la noche fue ubicado en un rancho de Chiapas, pero el mi\u00e9rcoles las autoridades federales dijeron que el pr\u00f3fugo no se encontraba en ese lugar.<\/p>\n","protected":false},"author":3,"featured_media":296864,"comment_status":"open","ping_status":"open","sticky":false,"template":"","format":"standard","meta":{"_monsterinsights_skip_tracking":false,"_monsterinsights_sitenote_active":false,"_monsterinsights_sitenote_note":"","_monsterinsights_sitenote_category":0,"footnotes":""},"categories":[157],"tags":[43686,43674,11515],"class_list":["post-296758","post","type-post","status-publish","format-standard","has-post-thumbnail","hentry","category-augusto-corro","tag-augusto-corro","tag-opinion","tag-punto-por-punto"],"_links":{"self":[{"href":"https:\/\/www.diarioimagen.net\/index.php?rest_route=\/wp\/v2\/posts\/296758","targetHints":{"allow":["GET"]}}],"collection":[{"href":"https:\/\/www.diarioimagen.net\/index.php?rest_route=\/wp\/v2\/posts"}],"about":[{"href":"https:\/\/www.diarioimagen.net\/index.php?rest_route=\/wp\/v2\/types\/post"}],"author":[{"embeddable":true,"href":"https:\/\/www.diarioimagen.net\/index.php?rest_route=\/wp\/v2\/users\/3"}],"replies":[{"embeddable":true,"href":"https:\/\/www.diarioimagen.net\/index.php?rest_route=%2Fwp%2Fv2%2Fcomments&post=296758"}],"version-history":[{"count":0,"href":"https:\/\/www.diarioimagen.net\/index.php?rest_route=\/wp\/v2\/posts\/296758\/revisions"}],"wp:featuredmedia":[{"embeddable":true,"href":"https:\/\/www.diarioimagen.net\/index.php?rest_route=\/wp\/v2\/media\/296864"}],"wp:attachment":[{"href":"https:\/\/www.diarioimagen.net\/index.php?rest_route=%2Fwp%2Fv2%2Fmedia&parent=296758"}],"wp:term":[{"taxonomy":"category","embeddable":true,"href":"https:\/\/www.diarioimagen.net\/index.php?rest_route=%2Fwp%2Fv2%2Fcategories&post=296758"},{"taxonomy":"post_tag","embeddable":true,"href":"https:\/\/www.diarioimagen.net\/index.php?rest_route=%2Fwp%2Fv2%2Ftags&post=296758"}],"curies":[{"name":"wp","href":"https:\/\/api.w.org\/{rel}","templated":true}]}}