{"id":296882,"date":"2016-11-02T18:00:36","date_gmt":"2016-11-03T00:00:36","guid":{"rendered":"http:\/\/www.diarioimagen.net\/?p=296882"},"modified":"2016-11-04T00:59:42","modified_gmt":"2016-11-04T06:59:42","slug":"convive-eruviel-avila-con-familias-mexiquenses-en-celebracion-del-dia-de-muertos","status":"publish","type":"post","link":"https:\/\/www.diarioimagen.net\/?p=296882","title":{"rendered":"Convive Eruviel \u00c1vila con familias mexiquenses en celebraci\u00f3n del D\u00eda de Muertos"},"content":{"rendered":"<ul>\n<li><em><strong>La Casa de Gobierno abre sus puertas<\/strong><\/em><\/li>\n<\/ul>\n<p>&nbsp;<\/p>\n<div id=\"attachment_296883\" style=\"width: 470px\" class=\"wp-caption aligncenter\"><a href=\"http:\/\/www.diarioimagen.net\/?attachment_id=296883\" rel=\"attachment wp-att-296883\"><img loading=\"lazy\" decoding=\"async\" aria-describedby=\"caption-attachment-296883\" class=\"size-large wp-image-296883\" src=\"http:\/\/www.diarioimagen.net\/wp-content\/uploads\/2016\/11\/ERUVIEL3-portal-460x268.jpg\" alt=\"Eruviel \u00c1vila Villegas, acompa\u00f1ado de sus hijas Montserrat e Isis \u00c1vila, recibieron y atendieron a familias en la Casa de Gobierno.\" width=\"460\" height=\"268\" srcset=\"https:\/\/www.diarioimagen.net\/wp-content\/uploads\/2016\/11\/ERUVIEL3-portal-460x268.jpg 460w, https:\/\/www.diarioimagen.net\/wp-content\/uploads\/2016\/11\/ERUVIEL3-portal-240x140.jpg 240w, https:\/\/www.diarioimagen.net\/wp-content\/uploads\/2016\/11\/ERUVIEL3-portal.jpg 480w\" sizes=\"auto, (max-width: 460px) 100vw, 460px\" \/><\/a><p id=\"caption-attachment-296883\" class=\"wp-caption-text\">Eruviel \u00c1vila Villegas, acompa\u00f1ado de sus hijas Montserrat e Isis \u00c1vila, recibieron y atendieron a familias en la Casa de Gobierno.<\/p><\/div>\n<p>&nbsp;<\/p>\n<p><strong>Toluca, Estado de M\u00e9xico<\/strong>.- Por cuarto a\u00f1o consecutivo, la Casa Estado de M\u00e9xico de Toluca abri\u00f3 sus puertas para recibir a catrinas, monstruos, diablitos, calaveras, entre otros personajes de los que m\u00e1s de 4 mil ni\u00f1os y adultos se caracterizaron para pedir calaverita.<\/p>\n<p>El gobernador Eruviel \u00c1vila Villegas, acompa\u00f1ado de sus hijas Montserrat e Isis \u00c1vila, presidenta honoraria del DIF Estado de M\u00e9xico, recibieron y personalmente atendieron a las familias visitantes, en una convivencia acompa\u00f1ada de dulces, tamales y atole.<\/p>\n<p>Y, al final, ten\u00eda la visita obligada a la \u00abcasa del terror\u00bb instalada en uno de los espacios del lugar, donde las telara\u00f1as y la oscuridad se mezclaban con ara\u00f1as gigantes, muertos, zombies y personas que arrancaron los gritos de los asistentes.<\/p>\n<p>En esta fiesta, que se prolong\u00f3 m\u00e1s all\u00e1 de la hora estimada, los ni\u00f1os y sus familias pudieron sacarse fotograf\u00edas con catrinas y en la ofrenda monumental, en donde se pueden ver im\u00e1genes de diversos personajes del arte, la cultura y el deporte mexicanos como Juan Gabriel, Tint\u00e1n, Sor Juana In\u00e9s de la Cruz y la deportista mexiquense Soraya Jim\u00e9nez, entre otros.<\/p>\n<p>La Casa Estado de M\u00e9xico estar\u00e1 abierta tambi\u00e9n este 2 de noviembre, desde las 18:00 horas, para recibir a las familias que quieran vivir esta experiencia.<\/p>\n","protected":false},"excerpt":{"rendered":"<p>Por cuarto a\u00f1o consecutivo, la Casa Estado de M\u00e9xico de Toluca abri\u00f3 sus puertas para recibir a catrinas, monstruos, diablitos, calaveras, entre otros personajes de los que m\u00e1s de 4 mil ni\u00f1os y adultos se caracterizaron para pedir calaverita.<\/p>\n","protected":false},"author":5,"featured_media":296883,"comment_status":"open","ping_status":"open","sticky":false,"template":"","format":"standard","meta":{"_monsterinsights_skip_tracking":false,"_monsterinsights_sitenote_active":false,"_monsterinsights_sitenote_note":"","_monsterinsights_sitenote_category":0,"footnotes":""},"categories":[5],"tags":[12303,43675,50409,6609,452],"class_list":["post-296882","post","type-post","status-publish","format-standard","has-post-thumbnail","hentry","category-estado-de-mexico","tag-dia-de-muertos","tag-estado-de-mexico","tag-isis-avila","tag-mexiquenses","tag-toluca"],"_links":{"self":[{"href":"https:\/\/www.diarioimagen.net\/index.php?rest_route=\/wp\/v2\/posts\/296882","targetHints":{"allow":["GET"]}}],"collection":[{"href":"https:\/\/www.diarioimagen.net\/index.php?rest_route=\/wp\/v2\/posts"}],"about":[{"href":"https:\/\/www.diarioimagen.net\/index.php?rest_route=\/wp\/v2\/types\/post"}],"author":[{"embeddable":true,"href":"https:\/\/www.diarioimagen.net\/index.php?rest_route=\/wp\/v2\/users\/5"}],"replies":[{"embeddable":true,"href":"https:\/\/www.diarioimagen.net\/index.php?rest_route=%2Fwp%2Fv2%2Fcomments&post=296882"}],"version-history":[{"count":0,"href":"https:\/\/www.diarioimagen.net\/index.php?rest_route=\/wp\/v2\/posts\/296882\/revisions"}],"wp:featuredmedia":[{"embeddable":true,"href":"https:\/\/www.diarioimagen.net\/index.php?rest_route=\/wp\/v2\/media\/296883"}],"wp:attachment":[{"href":"https:\/\/www.diarioimagen.net\/index.php?rest_route=%2Fwp%2Fv2%2Fmedia&parent=296882"}],"wp:term":[{"taxonomy":"category","embeddable":true,"href":"https:\/\/www.diarioimagen.net\/index.php?rest_route=%2Fwp%2Fv2%2Fcategories&post=296882"},{"taxonomy":"post_tag","embeddable":true,"href":"https:\/\/www.diarioimagen.net\/index.php?rest_route=%2Fwp%2Fv2%2Ftags&post=296882"}],"curies":[{"name":"wp","href":"https:\/\/api.w.org\/{rel}","templated":true}]}}