{"id":296885,"date":"2016-11-03T00:11:49","date_gmt":"2016-11-03T06:11:49","guid":{"rendered":"http:\/\/www.diarioimagen.net\/?p=296885"},"modified":"2016-11-04T00:46:57","modified_gmt":"2016-11-04T06:46:57","slug":"supervisa-eruviel-avila-base-de-operacion-mixta-en-toluca","status":"publish","type":"post","link":"https:\/\/www.diarioimagen.net\/?p=296885","title":{"rendered":"Supervisa Eruviel \u00c1vila Base de Operaci\u00f3n Mixta en Toluca"},"content":{"rendered":"<ul>\n<li><strong><em>Anuncia que el gobierno estatal va tras los delincuentes<\/em><\/strong><\/li>\n<\/ul>\n<h6>Jos\u00e9 Luis Monta\u00f1ez<\/h6>\n<p>&nbsp;<\/p>\n<div id=\"attachment_296890\" style=\"width: 470px\" class=\"wp-caption aligncenter\"><a href=\"http:\/\/www.diarioimagen.net\/?attachment_id=296890\" rel=\"attachment wp-att-296890\"><img loading=\"lazy\" decoding=\"async\" aria-describedby=\"caption-attachment-296890\" class=\"size-large wp-image-296890\" src=\"http:\/\/www.diarioimagen.net\/wp-content\/uploads\/2016\/11\/ERUVIEL-3-portal-1-460x268.jpg\" alt=\"El gobernador Eruviel \u00c1vila anunci\u00f3 que la seguridad en el transporte p\u00fablico ser\u00e1 reforzada mediante operativos.\" width=\"460\" height=\"268\" srcset=\"https:\/\/www.diarioimagen.net\/wp-content\/uploads\/2016\/11\/ERUVIEL-3-portal-1-460x268.jpg 460w, https:\/\/www.diarioimagen.net\/wp-content\/uploads\/2016\/11\/ERUVIEL-3-portal-1-240x140.jpg 240w, https:\/\/www.diarioimagen.net\/wp-content\/uploads\/2016\/11\/ERUVIEL-3-portal-1.jpg 480w\" sizes=\"auto, (max-width: 460px) 100vw, 460px\" \/><\/a><p id=\"caption-attachment-296890\" class=\"wp-caption-text\">El gobernador Eruviel \u00c1vila anunci\u00f3 que la seguridad en el transporte p\u00fablico ser\u00e1 reforzada mediante operativos.<\/p><\/div>\n<p>&nbsp;<\/p>\n<p><strong>Toluca, Estado de M\u00e9xico<\/strong>.- Al realizar una supervisi\u00f3n de la Base de Operaci\u00f3n Mixta (BOM), ubicada en la colonia El Seminario, una de las comunidades identificadas con mayores \u00edndices de delincuencia en la capital del estado, el gobernador Eruviel \u00c1vila Villegas se\u00f1al\u00f3 que los operativos de seguridad en el transporte p\u00fablico ser\u00e1n reforzados.<\/p>\n<p>El mandatario mexiquense abund\u00f3 que se intensificar\u00e1n las acciones del Plan Tres (Transporte Estatal Seguro) en vialidades federales, estatales y municipales.<\/p>\n<p>En una transmisi\u00f3n v\u00eda Facebook, afirm\u00f3 que el gobierno del estado va tras los delincuentes mediante diversas estrategias, en coordinaci\u00f3n con las fuerzas federales y los ayuntamientos.<\/p>\n<p>\u201cEstamos platicando, precisamente, con las fuerzas armadas, y la estrategia de la Polic\u00eda estatal y municipal es, efectivamente, fortalecer la presencia y revisi\u00f3n en transportes for\u00e1neos y tambi\u00e9n urbanos; carreteras federales, en vialidades municipales, estatales.<\/p>\n<p>\u201cY le mando un mensaje muy claro a los delincuentes que est\u00e1n haciendo de las suyas en el transporte p\u00fablico: que vamos tras de ellos\u201d, sostuvo.<\/p>\n<p>En esta supervisi\u00f3n sorpresa que tuvo lugar en las calles Lago Balkay y Lago Naza, de El Seminario, Eruviel \u00c1vila reconoci\u00f3 la entrega, el compromiso y el trabajo de los elementos que integran las 60 Bases de Operaci\u00f3n Mixta instaladas en la entidad.<\/p>\n<p>Destac\u00f3 la labor de los efectivos del Ej\u00e9rcito, la Marina, Polic\u00eda Federal, estatal y municipales en estas bases, donde velan por la seguridad de los mexiquenses, exponiendo su vida e incluso trabajando los d\u00edas de asueto, como en este 2 de noviembre.<\/p>\n<p>Eruviel \u00c1vila tambi\u00e9n dialog\u00f3 con vecinos de esta colonia, quienes destacaron que la presencia de los elementos de seguridad les da confianza, ya que inhiben la delincuencia en esta zona de la capital del estado.<\/p>\n<p>Adem\u00e1s, invit\u00f3 a la sociedad a reportar cualquier acto delictivo en el n\u00famero 066.<\/p>\n","protected":false},"excerpt":{"rendered":"<p><span style=\"color: #005497;\">Jos\u00e9 Luis Monta\u00f1ez<\/span><br \/>\n<br \/>\nAl realizar una supervisi\u00f3n de la Base de Operaci\u00f3n Mixta (BOM), ubicada en la colonia El Seminario, una de las comunidades identificadas con mayores \u00edndices de delincuencia en la capital del estado, el gobernador Eruviel \u00c1vila Villegas se\u00f1al\u00f3 que los operativos de seguridad en el transporte p\u00fablico ser\u00e1n reforzados.<\/p>\n","protected":false},"author":5,"featured_media":296890,"comment_status":"open","ping_status":"open","sticky":false,"template":"","format":"standard","meta":{"_monsterinsights_skip_tracking":false,"_monsterinsights_sitenote_active":false,"_monsterinsights_sitenote_note":"","_monsterinsights_sitenote_category":0,"footnotes":""},"categories":[5],"tags":[43675,452],"class_list":["post-296885","post","type-post","status-publish","format-standard","has-post-thumbnail","hentry","category-estado-de-mexico","tag-estado-de-mexico","tag-toluca"],"_links":{"self":[{"href":"https:\/\/www.diarioimagen.net\/index.php?rest_route=\/wp\/v2\/posts\/296885","targetHints":{"allow":["GET"]}}],"collection":[{"href":"https:\/\/www.diarioimagen.net\/index.php?rest_route=\/wp\/v2\/posts"}],"about":[{"href":"https:\/\/www.diarioimagen.net\/index.php?rest_route=\/wp\/v2\/types\/post"}],"author":[{"embeddable":true,"href":"https:\/\/www.diarioimagen.net\/index.php?rest_route=\/wp\/v2\/users\/5"}],"replies":[{"embeddable":true,"href":"https:\/\/www.diarioimagen.net\/index.php?rest_route=%2Fwp%2Fv2%2Fcomments&post=296885"}],"version-history":[{"count":0,"href":"https:\/\/www.diarioimagen.net\/index.php?rest_route=\/wp\/v2\/posts\/296885\/revisions"}],"wp:featuredmedia":[{"embeddable":true,"href":"https:\/\/www.diarioimagen.net\/index.php?rest_route=\/wp\/v2\/media\/296890"}],"wp:attachment":[{"href":"https:\/\/www.diarioimagen.net\/index.php?rest_route=%2Fwp%2Fv2%2Fmedia&parent=296885"}],"wp:term":[{"taxonomy":"category","embeddable":true,"href":"https:\/\/www.diarioimagen.net\/index.php?rest_route=%2Fwp%2Fv2%2Fcategories&post=296885"},{"taxonomy":"post_tag","embeddable":true,"href":"https:\/\/www.diarioimagen.net\/index.php?rest_route=%2Fwp%2Fv2%2Ftags&post=296885"}],"curies":[{"name":"wp","href":"https:\/\/api.w.org\/{rel}","templated":true}]}}