{"id":296946,"date":"2016-11-03T00:07:38","date_gmt":"2016-11-03T06:07:38","guid":{"rendered":"http:\/\/www.diarioimagen.net\/?p=296946"},"modified":"2016-11-03T05:15:59","modified_gmt":"2016-11-03T11:15:59","slug":"imparten-platicas-sobre-educacion-vial-en-tultitlan","status":"publish","type":"post","link":"https:\/\/www.diarioimagen.net\/?p=296946","title":{"rendered":"Imparten pl\u00e1ticas sobre educaci\u00f3n vial en Tultitl\u00e1n"},"content":{"rendered":"<ul>\n<li><strong><em>Concientizan a estudiantes<\/em><\/strong><\/li>\n<\/ul>\n<p>&nbsp;<\/p>\n<div id=\"attachment_296981\" style=\"width: 470px\" class=\"wp-caption alignleft\"><a href=\"http:\/\/www.diarioimagen.net\/?attachment_id=296981\" rel=\"attachment wp-att-296981\"><img loading=\"lazy\" decoding=\"async\" aria-describedby=\"caption-attachment-296981\" class=\"size-large wp-image-296981\" src=\"http:\/\/www.diarioimagen.net\/wp-content\/uploads\/2016\/11\/TULTITLAN-2989-460x259.jpg\" alt=\"Las charlas sobre educaci\u00f3n vial iniciaron en la escuela primaria \u201cEstado de M\u00e9xico\u201d, en Fuentes del Valle.\" width=\"460\" height=\"259\" srcset=\"https:\/\/www.diarioimagen.net\/wp-content\/uploads\/2016\/11\/TULTITLAN-2989-460x259.jpg 460w, https:\/\/www.diarioimagen.net\/wp-content\/uploads\/2016\/11\/TULTITLAN-2989-240x135.jpg 240w, https:\/\/www.diarioimagen.net\/wp-content\/uploads\/2016\/11\/TULTITLAN-2989-235x132.jpg 235w, https:\/\/www.diarioimagen.net\/wp-content\/uploads\/2016\/11\/TULTITLAN-2989-202x114.jpg 202w, https:\/\/www.diarioimagen.net\/wp-content\/uploads\/2016\/11\/TULTITLAN-2989-350x196.jpg 350w, https:\/\/www.diarioimagen.net\/wp-content\/uploads\/2016\/11\/TULTITLAN-2989-220x123.jpg 220w, https:\/\/www.diarioimagen.net\/wp-content\/uploads\/2016\/11\/TULTITLAN-2989-237x132.jpg 237w, https:\/\/www.diarioimagen.net\/wp-content\/uploads\/2016\/11\/TULTITLAN-2989.jpg 480w\" sizes=\"auto, (max-width: 460px) 100vw, 460px\" \/><\/a><p id=\"caption-attachment-296981\" class=\"wp-caption-text\">Las charlas sobre educaci\u00f3n vial iniciaron en la escuela primaria \u201cEstado de M\u00e9xico\u201d, en Fuentes del Valle.<\/p><\/div>\n<p>&nbsp;<\/p>\n<p><strong>Tultitl\u00e1n, Estado de M\u00e9xico<\/strong>.- Prevenir que los estudiantes sean v\u00edctimas del delito, as\u00ed como concientizarlos sobre la importancia de tener una adecuada educaci\u00f3n vial, es el objetivo del programa implementado por el gobierno municipal, a cargo del maestro en administraci\u00f3n p\u00fablica, Jorge Ad\u00e1n Barr\u00f3n Elizalde,\u00a0 en coordinaci\u00f3n con la Comisar\u00eda de Seguridad P\u00fablica, Vialidad y Protecci\u00f3n Civil\u00a0 de esta ciudad.<\/p>\n<p>Por medio de pl\u00e1ticas de educaci\u00f3n vial y prevenci\u00f3n del delito, estudiantes de la demarcaci\u00f3n, aprenden de la importancia de respetar los se\u00f1alamientos viales, as\u00ed como tambi\u00e9n se les orienta, para evitar ser v\u00edctimas.<\/p>\n<p>Estas charlas dieron inicio en la escuela primaria \u201cEstado de M\u00e9xico\u201d, en Fuentes del Valle y se impartir\u00e1n en secundarias, preparatorias y universidades.<\/p>\n<p>Entre los temas que se impartieron fueron la v\u00eda p\u00fablica, el peat\u00f3n, normas de circulaci\u00f3n, tipos de se\u00f1alamientos y proyecci\u00f3n de videos infantiles en materia de educaci\u00f3n vial.<\/p>\n<p>Al respecto, el comisario resalt\u00f3 la importancia de realizar estas exposiciones ya que indic\u00f3; \u201cse debe empezar desde la escuela, para que \u00a0los menores tengan conocimiento de los se\u00f1alamientos viales y \u00a0que influyan \u00a0en los m\u00e1s grandes \u00a0para la prevenci\u00f3n de accidentes viales\u201d.<\/p>\n<p>Tras la charla, personal de seguridad hizo entrega de un\u00a0 kit el cual contiene 2 gorras, 2 paletas (alto y siga) 2 silbatos y dos chalecos.<\/p>\n<p>&nbsp;<\/p>\n","protected":false},"excerpt":{"rendered":"<p>Prevenir que los estudiantes sean v\u00edctimas del delito, as\u00ed como concientizarlos sobre la importancia de tener una adecuada educaci\u00f3n vial, es el objetivo del programa implementado por el gobierno municipal, a cargo del maestro en administraci\u00f3n p\u00fablica, Jorge Ad\u00e1n Barr\u00f3n Elizalde,  en coordinaci\u00f3n con la Comisar\u00eda de Seguridad P\u00fablica, Vialidad y Protecci\u00f3n Civil  de esta ciudad.<\/p>\n","protected":false},"author":3,"featured_media":296981,"comment_status":"open","ping_status":"open","sticky":false,"template":"","format":"standard","meta":{"_monsterinsights_skip_tracking":false,"_monsterinsights_sitenote_active":false,"_monsterinsights_sitenote_note":"","_monsterinsights_sitenote_category":0,"footnotes":""},"categories":[35155],"tags":[43694,43675,578],"class_list":["post-296946","post","type-post","status-publish","format-standard","has-post-thumbnail","hentry","category-estado-de-mexico-estado-de-mexico","tag-educacion","tag-estado-de-mexico","tag-tultitlan"],"_links":{"self":[{"href":"https:\/\/www.diarioimagen.net\/index.php?rest_route=\/wp\/v2\/posts\/296946","targetHints":{"allow":["GET"]}}],"collection":[{"href":"https:\/\/www.diarioimagen.net\/index.php?rest_route=\/wp\/v2\/posts"}],"about":[{"href":"https:\/\/www.diarioimagen.net\/index.php?rest_route=\/wp\/v2\/types\/post"}],"author":[{"embeddable":true,"href":"https:\/\/www.diarioimagen.net\/index.php?rest_route=\/wp\/v2\/users\/3"}],"replies":[{"embeddable":true,"href":"https:\/\/www.diarioimagen.net\/index.php?rest_route=%2Fwp%2Fv2%2Fcomments&post=296946"}],"version-history":[{"count":0,"href":"https:\/\/www.diarioimagen.net\/index.php?rest_route=\/wp\/v2\/posts\/296946\/revisions"}],"wp:featuredmedia":[{"embeddable":true,"href":"https:\/\/www.diarioimagen.net\/index.php?rest_route=\/wp\/v2\/media\/296981"}],"wp:attachment":[{"href":"https:\/\/www.diarioimagen.net\/index.php?rest_route=%2Fwp%2Fv2%2Fmedia&parent=296946"}],"wp:term":[{"taxonomy":"category","embeddable":true,"href":"https:\/\/www.diarioimagen.net\/index.php?rest_route=%2Fwp%2Fv2%2Fcategories&post=296946"},{"taxonomy":"post_tag","embeddable":true,"href":"https:\/\/www.diarioimagen.net\/index.php?rest_route=%2Fwp%2Fv2%2Ftags&post=296946"}],"curies":[{"name":"wp","href":"https:\/\/api.w.org\/{rel}","templated":true}]}}