{"id":296948,"date":"2016-11-03T00:03:32","date_gmt":"2016-11-03T06:03:32","guid":{"rendered":"http:\/\/www.diarioimagen.net\/?p=296948"},"modified":"2016-11-03T05:17:09","modified_gmt":"2016-11-03T11:17:09","slug":"inaugura-cruz-roa-ofrenda-instalada-por-trabajadores-del-poder-legislativo","status":"publish","type":"post","link":"https:\/\/www.diarioimagen.net\/?p=296948","title":{"rendered":"Inaugura Cruz Roa ofrenda instalada por trabajadores del Poder Legislativo"},"content":{"rendered":"<p><a href=\"http:\/\/www.diarioimagen.net\/?attachment_id=296984\" rel=\"attachment wp-att-296984\"><img loading=\"lazy\" decoding=\"async\" class=\"aligncenter size-large wp-image-296984\" src=\"http:\/\/www.diarioimagen.net\/wp-content\/uploads\/2016\/11\/cruz-roja-2989-460x259.jpg\" alt=\"cruz-roja-2989\" width=\"460\" height=\"259\" srcset=\"https:\/\/www.diarioimagen.net\/wp-content\/uploads\/2016\/11\/cruz-roja-2989-460x259.jpg 460w, https:\/\/www.diarioimagen.net\/wp-content\/uploads\/2016\/11\/cruz-roja-2989-240x135.jpg 240w, https:\/\/www.diarioimagen.net\/wp-content\/uploads\/2016\/11\/cruz-roja-2989-235x132.jpg 235w, https:\/\/www.diarioimagen.net\/wp-content\/uploads\/2016\/11\/cruz-roja-2989-202x114.jpg 202w, https:\/\/www.diarioimagen.net\/wp-content\/uploads\/2016\/11\/cruz-roja-2989-350x196.jpg 350w, https:\/\/www.diarioimagen.net\/wp-content\/uploads\/2016\/11\/cruz-roja-2989-220x123.jpg 220w, https:\/\/www.diarioimagen.net\/wp-content\/uploads\/2016\/11\/cruz-roja-2989-237x132.jpg 237w, https:\/\/www.diarioimagen.net\/wp-content\/uploads\/2016\/11\/cruz-roja-2989.jpg 480w\" sizes=\"auto, (max-width: 460px) 100vw, 460px\" \/><\/a><\/p>\n<p>&nbsp;<\/p>\n<p><strong>Toluca de Lerdo, Estado de M\u00e9xico.-<\/strong> Con el objetivo de preservar y fomentar las tradiciones con motivo del D\u00eda de Muertos, el diputado Cruz Roa S\u00e1nchez, presidente de la Junta de Coordinaci\u00f3n Pol\u00edtica de la 59 Legislatura mexiquense, cort\u00f3 el list\u00f3n inaugural de la ofrenda instalada por personal del Poder Legislativo por decimoquinto a\u00f1o consecutivo en el vest\u00edbulo del edificio sede de esta instituci\u00f3n.<\/p>\n<p>Adem\u00e1s del legislador, estuvieron los titulares de las secretar\u00edas de Administraci\u00f3n y Finanzas y de Asuntos Parlamentarios, Pablo D\u00edaz G\u00f3mez y Javier Dom\u00ednguez Morales, respectivamente; de la Contralor\u00eda del Poder Legislativo, Victorino Barrios D\u00e1valos; del \u00d3rgano Superior de Fiscalizaci\u00f3n del Estado de M\u00e9xico, Fernando Baz Ferreira, y de la Direcci\u00f3n General de Comunicaci\u00f3n Social, Horacio Morales Luna.<\/p>\n","protected":false},"excerpt":{"rendered":"<p>Con el objetivo de preservar y fomentar las tradiciones con motivo del D\u00eda de Muertos, el diputado Cruz Roa S\u00e1nchez, presidente de la Junta de Coordinaci\u00f3n Pol\u00edtica de la 59 Legislatura mexiquense, cort\u00f3 el list\u00f3n inaugural de la ofrenda instalada por personal del Poder Legislativo por decimoquinto a\u00f1o consecutivo en el vest\u00edbulo del edificio sede de esta instituci\u00f3n.<\/p>\n","protected":false},"author":3,"featured_media":296984,"comment_status":"open","ping_status":"open","sticky":false,"template":"","format":"standard","meta":{"_monsterinsights_skip_tracking":false,"_monsterinsights_sitenote_active":false,"_monsterinsights_sitenote_note":"","_monsterinsights_sitenote_category":0,"footnotes":""},"categories":[35155],"tags":[43675,51994],"class_list":["post-296948","post","type-post","status-publish","format-standard","has-post-thumbnail","hentry","category-estado-de-mexico-estado-de-mexico","tag-estado-de-mexico","tag-toluca-de-lerdo"],"_links":{"self":[{"href":"https:\/\/www.diarioimagen.net\/index.php?rest_route=\/wp\/v2\/posts\/296948","targetHints":{"allow":["GET"]}}],"collection":[{"href":"https:\/\/www.diarioimagen.net\/index.php?rest_route=\/wp\/v2\/posts"}],"about":[{"href":"https:\/\/www.diarioimagen.net\/index.php?rest_route=\/wp\/v2\/types\/post"}],"author":[{"embeddable":true,"href":"https:\/\/www.diarioimagen.net\/index.php?rest_route=\/wp\/v2\/users\/3"}],"replies":[{"embeddable":true,"href":"https:\/\/www.diarioimagen.net\/index.php?rest_route=%2Fwp%2Fv2%2Fcomments&post=296948"}],"version-history":[{"count":0,"href":"https:\/\/www.diarioimagen.net\/index.php?rest_route=\/wp\/v2\/posts\/296948\/revisions"}],"wp:featuredmedia":[{"embeddable":true,"href":"https:\/\/www.diarioimagen.net\/index.php?rest_route=\/wp\/v2\/media\/296984"}],"wp:attachment":[{"href":"https:\/\/www.diarioimagen.net\/index.php?rest_route=%2Fwp%2Fv2%2Fmedia&parent=296948"}],"wp:term":[{"taxonomy":"category","embeddable":true,"href":"https:\/\/www.diarioimagen.net\/index.php?rest_route=%2Fwp%2Fv2%2Fcategories&post=296948"},{"taxonomy":"post_tag","embeddable":true,"href":"https:\/\/www.diarioimagen.net\/index.php?rest_route=%2Fwp%2Fv2%2Ftags&post=296948"}],"curies":[{"name":"wp","href":"https:\/\/api.w.org\/{rel}","templated":true}]}}