{"id":296951,"date":"2016-11-03T00:06:53","date_gmt":"2016-11-03T06:06:53","guid":{"rendered":"http:\/\/www.diarioimagen.net\/?p=296951"},"modified":"2016-11-03T05:34:34","modified_gmt":"2016-11-03T11:34:34","slug":"garantizan-rehabilitacion-integral-para-personas-con-discapacidad","status":"publish","type":"post","link":"https:\/\/www.diarioimagen.net\/?p=296951","title":{"rendered":"Garantizan rehabilitaci\u00f3n integral  para personas con discapacidad"},"content":{"rendered":"<ul>\n<li><strong><em>Pol\u00edticas p\u00fablicas de inclusi\u00f3n en Tlalnepantla<\/em><\/strong><\/li>\n<\/ul>\n<p>&nbsp;<\/p>\n<div id=\"attachment_296986\" style=\"width: 470px\" class=\"wp-caption aligncenter\"><a href=\"http:\/\/www.diarioimagen.net\/?attachment_id=296986\" rel=\"attachment wp-att-296986\"><img loading=\"lazy\" decoding=\"async\" aria-describedby=\"caption-attachment-296986\" class=\"size-large wp-image-296986\" src=\"http:\/\/www.diarioimagen.net\/wp-content\/uploads\/2016\/11\/TLALNEPANTLA-2989-460x259.jpg\" alt=\"Denisse Ugalde Alegr\u00eda inaugur\u00f3 la ampliaci\u00f3n del Centro de Rehabilitaci\u00f3n Integral del DIF \u201cEl Tenayo\u201d.\" width=\"460\" height=\"259\" srcset=\"https:\/\/www.diarioimagen.net\/wp-content\/uploads\/2016\/11\/TLALNEPANTLA-2989-460x259.jpg 460w, https:\/\/www.diarioimagen.net\/wp-content\/uploads\/2016\/11\/TLALNEPANTLA-2989-240x135.jpg 240w, https:\/\/www.diarioimagen.net\/wp-content\/uploads\/2016\/11\/TLALNEPANTLA-2989-235x132.jpg 235w, https:\/\/www.diarioimagen.net\/wp-content\/uploads\/2016\/11\/TLALNEPANTLA-2989-202x114.jpg 202w, https:\/\/www.diarioimagen.net\/wp-content\/uploads\/2016\/11\/TLALNEPANTLA-2989-350x196.jpg 350w, https:\/\/www.diarioimagen.net\/wp-content\/uploads\/2016\/11\/TLALNEPANTLA-2989-220x123.jpg 220w, https:\/\/www.diarioimagen.net\/wp-content\/uploads\/2016\/11\/TLALNEPANTLA-2989-237x132.jpg 237w, https:\/\/www.diarioimagen.net\/wp-content\/uploads\/2016\/11\/TLALNEPANTLA-2989.jpg 480w\" sizes=\"auto, (max-width: 460px) 100vw, 460px\" \/><\/a><p id=\"caption-attachment-296986\" class=\"wp-caption-text\">Denisse Ugalde Alegr\u00eda inaugur\u00f3 la ampliaci\u00f3n del Centro de Rehabilitaci\u00f3n Integral del DIF \u201cEl Tenayo\u201d.<\/p><\/div>\n<p>&nbsp;<\/p>\n<p><strong>Tlalnepantla, Estado de M\u00e9xico<\/strong>.- Para dar continuidad a las pol\u00edticas p\u00fablicas en materia de inclusi\u00f3n, la presidenta municipal, Denisse Ugalde Alegr\u00eda, inaugur\u00f3 la ampliaci\u00f3n del Centro de Rehabilitaci\u00f3n Integral del DIF \u201cEl Tenayo\u201d, espacio que se constituye como uno de los m\u00e1s completos en el Estado de M\u00e9xico, para la atenci\u00f3n de quienes padecen alguna discapacidad.<\/p>\n<p>\u201cEn el gobierno municipal estamos convencidos que no hay nada m\u00e1s importante que la salud de las personas y brindarles un espacio digno en el que se puedan rehabilitar, es el primer paso para su inclusi\u00f3n, de ah\u00ed la necesidad de romper barreras y coadyuvar en el desarrollo de quienes viven en esta situaci\u00f3n\u201d.<\/p>\n<p>Destac\u00f3 que como presidenta del Sistema Municipal DIF y ahora como alcaldesa, ha sido testigo de la transformaci\u00f3n de este centro, mismo que con la integraci\u00f3n de nuevos servicios m\u00e9dicos y terap\u00e9uticos se coloca a la vanguardia en toda la entidad mexiquense.<\/p>\n<p>Ugalde Alegr\u00eda refiri\u00f3 que esta obra de ampliaci\u00f3n beneficiar\u00e1 a los m\u00e1s de 6 mil pacientes que permanentemente reciben tratamiento en dicho lugar.<\/p>\n<p>Anunci\u00f3 que para el presupuesto del pr\u00f3ximo a\u00f1o se propondr\u00e1 un programa de rehabilitaci\u00f3n de banquetas, con la finalidad de garantizar rampas de acceso para personas con discapacidad.<\/p>\n<p>Por su parte, Claudia Mendoza Mart\u00ednez, jefa de Discapacidad del Sistema Municipal DIF, inform\u00f3 que en las nuevas instalaciones, los pacientes podr\u00e1n recibir\u00e1n tratamientos de hidroterapia, masoterapia, mecanoterapia, ultrasonograf\u00eda y estimulaci\u00f3n temprana.<\/p>\n<p>As\u00ed tambi\u00e9n tendr\u00e1n acceso a terapia de lenguaje, clases de braille y lenguaje de se\u00f1as, adem\u00e1s de que se contar\u00e1 con el \u00e1rea PreviDIF, especializada en la prevenci\u00f3n y detecci\u00f3n de factores de riesgo que producen discapacidad.<\/p>\n<p>&nbsp;<\/p>\n","protected":false},"excerpt":{"rendered":"<p>Para dar continuidad a las pol\u00edticas p\u00fablicas en materia de inclusi\u00f3n, la presidenta municipal, Denisse Ugalde Alegr\u00eda, inaugur\u00f3 la ampliaci\u00f3n del Centro de Rehabilitaci\u00f3n Integral del DIF \u201cEl Tenayo\u201d, espacio que se constituye como uno de los m\u00e1s completos en el Estado de M\u00e9xico, para la atenci\u00f3n de quienes padecen alguna discapacidad.<\/p>\n","protected":false},"author":3,"featured_media":296986,"comment_status":"open","ping_status":"open","sticky":false,"template":"","format":"standard","meta":{"_monsterinsights_skip_tracking":false,"_monsterinsights_sitenote_active":false,"_monsterinsights_sitenote_note":"","_monsterinsights_sitenote_category":0,"footnotes":""},"categories":[35155],"tags":[24566,43675,169],"class_list":["post-296951","post","type-post","status-publish","format-standard","has-post-thumbnail","hentry","category-estado-de-mexico-estado-de-mexico","tag-discapacidad","tag-estado-de-mexico","tag-tlalnepantla"],"_links":{"self":[{"href":"https:\/\/www.diarioimagen.net\/index.php?rest_route=\/wp\/v2\/posts\/296951","targetHints":{"allow":["GET"]}}],"collection":[{"href":"https:\/\/www.diarioimagen.net\/index.php?rest_route=\/wp\/v2\/posts"}],"about":[{"href":"https:\/\/www.diarioimagen.net\/index.php?rest_route=\/wp\/v2\/types\/post"}],"author":[{"embeddable":true,"href":"https:\/\/www.diarioimagen.net\/index.php?rest_route=\/wp\/v2\/users\/3"}],"replies":[{"embeddable":true,"href":"https:\/\/www.diarioimagen.net\/index.php?rest_route=%2Fwp%2Fv2%2Fcomments&post=296951"}],"version-history":[{"count":0,"href":"https:\/\/www.diarioimagen.net\/index.php?rest_route=\/wp\/v2\/posts\/296951\/revisions"}],"wp:featuredmedia":[{"embeddable":true,"href":"https:\/\/www.diarioimagen.net\/index.php?rest_route=\/wp\/v2\/media\/296986"}],"wp:attachment":[{"href":"https:\/\/www.diarioimagen.net\/index.php?rest_route=%2Fwp%2Fv2%2Fmedia&parent=296951"}],"wp:term":[{"taxonomy":"category","embeddable":true,"href":"https:\/\/www.diarioimagen.net\/index.php?rest_route=%2Fwp%2Fv2%2Fcategories&post=296951"},{"taxonomy":"post_tag","embeddable":true,"href":"https:\/\/www.diarioimagen.net\/index.php?rest_route=%2Fwp%2Fv2%2Ftags&post=296951"}],"curies":[{"name":"wp","href":"https:\/\/api.w.org\/{rel}","templated":true}]}}