{"id":297005,"date":"2016-11-03T00:10:14","date_gmt":"2016-11-03T06:10:14","guid":{"rendered":"http:\/\/www.diarioimagen.net\/?p=297005"},"modified":"2016-11-03T08:13:32","modified_gmt":"2016-11-03T14:13:32","slug":"balean-a-padre-e-hijo-que-pedian-calaverita-en-cdmx-2","status":"publish","type":"post","link":"https:\/\/www.diarioimagen.net\/?p=297005","title":{"rendered":"Balean a padre e hijo que ped\u00edan calaverita en CDMX"},"content":{"rendered":"<ul>\n<li><b>Noche de <i>Halloween<\/i>: 2 muertos y 2 heridos<\/b><\/li>\n<\/ul>\n<p>&nbsp;<\/p>\n<div id=\"attachment_297006\" style=\"width: 470px\" class=\"wp-caption aligncenter\"><a href=\"http:\/\/www.diarioimagen.net\/?attachment_id=297006\" rel=\"attachment wp-att-297006\"><img loading=\"lazy\" decoding=\"async\" aria-describedby=\"caption-attachment-297006\" class=\"size-large wp-image-297006\" src=\"http:\/\/www.diarioimagen.net\/wp-content\/uploads\/2016\/11\/BALEADOS-2989-460x259.jpg\" alt=\"En la colonia Gabriel Ramos Mill\u00e1n, de la Ciudad de M\u00e9xico, se registraron la noche del martes dos balaceras, con un saldo de 2 muertos y 2 heridos.\" width=\"460\" height=\"259\" srcset=\"https:\/\/www.diarioimagen.net\/wp-content\/uploads\/2016\/11\/BALEADOS-2989-460x259.jpg 460w, https:\/\/www.diarioimagen.net\/wp-content\/uploads\/2016\/11\/BALEADOS-2989-240x135.jpg 240w, https:\/\/www.diarioimagen.net\/wp-content\/uploads\/2016\/11\/BALEADOS-2989-235x132.jpg 235w, https:\/\/www.diarioimagen.net\/wp-content\/uploads\/2016\/11\/BALEADOS-2989-202x114.jpg 202w, https:\/\/www.diarioimagen.net\/wp-content\/uploads\/2016\/11\/BALEADOS-2989-350x196.jpg 350w, https:\/\/www.diarioimagen.net\/wp-content\/uploads\/2016\/11\/BALEADOS-2989-220x123.jpg 220w, https:\/\/www.diarioimagen.net\/wp-content\/uploads\/2016\/11\/BALEADOS-2989-237x132.jpg 237w, https:\/\/www.diarioimagen.net\/wp-content\/uploads\/2016\/11\/BALEADOS-2989.jpg 480w\" sizes=\"auto, (max-width: 460px) 100vw, 460px\" \/><\/a><p id=\"caption-attachment-297006\" class=\"wp-caption-text\">En la colonia Gabriel Ramos Mill\u00e1n, de la Ciudad de M\u00e9xico, se registraron la noche del martes dos balaceras, con un saldo de 2 muertos y 2 heridos.<\/p><\/div>\n<p>&nbsp;<\/p>\n<p>En la noche de \u201cHalloween\u201d, en la colonia Gabriel Ramos Mill\u00e1n, delegaci\u00f3n Iztacalco, en la Ciudad de M\u00e9xico, se registraron dos balaceras, con un saldo de dos muertos y dos heridos.<\/p>\n<p>Resultado de estos hechos violentos, dos hombres murieron y un ni\u00f1o de 11 a\u00f1os result\u00f3 herido. Uno de los tiroteos ocurri\u00f3 en la esquina de Oriente 100 A y Sur 131.<\/p>\n<p>Uno de los param\u00e9dicos explic\u00f3 que el menor se encontraba vestido de payaso y fue trasladado a la sala de urgencias del Hospital de Balbuena.<\/p>\n<p>De acuerdo con las primeras versiones, la agresi\u00f3n contra el hombre y su hijo ocurri\u00f3 cuando \u00e9stos ped\u00edan su \u201ccalaverita\u201d en calles de esa colonia.<\/p>\n<p>Padre e hijo fueron llevados de inmediato al hospital, pero al llegar al nosocomio el hombre muri\u00f3 y el ni\u00f1o fue ingresado a quir\u00f3fano, de donde sali\u00f3 dos horas despu\u00e9s y fue llevado a terapia intensiva.<\/p>\n<p>Tras la agresi\u00f3n al padre y el hijo, en Sur 179, entre Oriente 106 y Oriente 108, tambi\u00e9n en esa colonia, presuntamente los mismos sujetos que iban disfrazados acribillaron a dos personas.<\/p>\n<p>Tambi\u00e9n result\u00f3 lesionado un hombre identificado como Salvador Saavedra, de 28 a\u00f1os, quien fue llevado al hospital, quien era trabajador en la Central de Abasto. En el lugar muri\u00f3 Cristopher Carpio Pineda, de 31 a\u00f1os, quien era taxista.<\/p>\n<p>Las autoridades investigan si hay relaci\u00f3n en ambos casos. Hasta el momento no hay detenidos por estos hechos.<\/p>\n<p>Personal que maneja las c\u00e1maras de seguridad C-4 informaron que en el lugar de los hechos se detect\u00f3 una motocicleta con dos personas a bordo, la cual fue monitoreada, sin que hasta el momento se tenga certeza de que sus tripulantes participaron en la agresi\u00f3n.<\/p>\n<p>&nbsp;<\/p>\n","protected":false},"excerpt":{"rendered":"<p>En la noche de \u201cHalloween\u201d, en la colonia Gabriel Ramos Mill\u00e1n, delegaci\u00f3n Iztacalco, en la Ciudad de M\u00e9xico, se registraron dos balaceras, con un saldo de dos muertos y dos heridos.<\/p>\n","protected":false},"author":1,"featured_media":297006,"comment_status":"open","ping_status":"open","sticky":false,"template":"","format":"standard","meta":{"_monsterinsights_skip_tracking":false,"_monsterinsights_sitenote_active":false,"_monsterinsights_sitenote_note":"","_monsterinsights_sitenote_category":0,"footnotes":""},"categories":[7],"tags":[34444,43677],"class_list":["post-297005","post","type-post","status-publish","format-standard","has-post-thumbnail","hentry","category-seguridad","tag-cdmx","tag-seguridad"],"_links":{"self":[{"href":"https:\/\/www.diarioimagen.net\/index.php?rest_route=\/wp\/v2\/posts\/297005","targetHints":{"allow":["GET"]}}],"collection":[{"href":"https:\/\/www.diarioimagen.net\/index.php?rest_route=\/wp\/v2\/posts"}],"about":[{"href":"https:\/\/www.diarioimagen.net\/index.php?rest_route=\/wp\/v2\/types\/post"}],"author":[{"embeddable":true,"href":"https:\/\/www.diarioimagen.net\/index.php?rest_route=\/wp\/v2\/users\/1"}],"replies":[{"embeddable":true,"href":"https:\/\/www.diarioimagen.net\/index.php?rest_route=%2Fwp%2Fv2%2Fcomments&post=297005"}],"version-history":[{"count":0,"href":"https:\/\/www.diarioimagen.net\/index.php?rest_route=\/wp\/v2\/posts\/297005\/revisions"}],"wp:featuredmedia":[{"embeddable":true,"href":"https:\/\/www.diarioimagen.net\/index.php?rest_route=\/wp\/v2\/media\/297006"}],"wp:attachment":[{"href":"https:\/\/www.diarioimagen.net\/index.php?rest_route=%2Fwp%2Fv2%2Fmedia&parent=297005"}],"wp:term":[{"taxonomy":"category","embeddable":true,"href":"https:\/\/www.diarioimagen.net\/index.php?rest_route=%2Fwp%2Fv2%2Fcategories&post=297005"},{"taxonomy":"post_tag","embeddable":true,"href":"https:\/\/www.diarioimagen.net\/index.php?rest_route=%2Fwp%2Fv2%2Ftags&post=297005"}],"curies":[{"name":"wp","href":"https:\/\/api.w.org\/{rel}","templated":true}]}}