{"id":297060,"date":"2016-11-04T00:06:03","date_gmt":"2016-11-04T06:06:03","guid":{"rendered":"http:\/\/www.diarioimagen.net\/?p=297060"},"modified":"2016-11-06T22:48:00","modified_gmt":"2016-11-07T04:48:00","slug":"edomex-atrae-mas-inversiones-y-genera-empleos-eruviel-avila","status":"publish","type":"post","link":"https:\/\/www.diarioimagen.net\/?p=297060","title":{"rendered":"El Edomex atrae mayor inversi\u00f3n: Eruviel \u00c1vila"},"content":{"rendered":"<ul>\n<li><strong><em>Impulsa una agenda para reforzar la seguridad p\u00fablica<\/em><\/strong><\/li>\n<\/ul>\n<p>&nbsp;<\/p>\n<p>&nbsp;<\/p>\n<div id=\"attachment_297064\" style=\"width: 470px\" class=\"wp-caption aligncenter\"><a href=\"http:\/\/www.diarioimagen.net\/?attachment_id=297064\" rel=\"attachment wp-att-297064\"><img loading=\"lazy\" decoding=\"async\" aria-describedby=\"caption-attachment-297064\" class=\"size-large wp-image-297064\" src=\"http:\/\/www.diarioimagen.net\/wp-content\/uploads\/2016\/11\/ERUVIEL4a-PORTAL-460x268.jpg\" alt=\"El gobernador Eruviel \u00c1vila Inaugur\u00f3 el gobernador el centro log\u00edstico de una empresa de mensajer\u00eda, que es el m\u00e1s grande de Am\u00e9rica Latina.\" width=\"460\" height=\"268\" srcset=\"https:\/\/www.diarioimagen.net\/wp-content\/uploads\/2016\/11\/ERUVIEL4a-PORTAL-460x268.jpg 460w, https:\/\/www.diarioimagen.net\/wp-content\/uploads\/2016\/11\/ERUVIEL4a-PORTAL-240x140.jpg 240w, https:\/\/www.diarioimagen.net\/wp-content\/uploads\/2016\/11\/ERUVIEL4a-PORTAL.jpg 480w\" sizes=\"auto, (max-width: 460px) 100vw, 460px\" \/><\/a><p id=\"caption-attachment-297064\" class=\"wp-caption-text\">El gobernador Eruviel \u00c1vila Inaugur\u00f3 el gobernador el centro log\u00edstico de una empresa de mensajer\u00eda, que es el m\u00e1s grande de Am\u00e9rica Latina.<\/p><\/div>\n<p>&nbsp;<\/p>\n<p>&nbsp;<\/p>\n<p><strong>Cuautitl\u00e1n Izcalli, Estado de M\u00e9xico<\/strong>.- Al inaugurar el centro log\u00edstico de una empresa de mensajer\u00eda, que es el m\u00e1s grande de Latinoam\u00e9rica, el gobernador Eruviel \u00c1vila Villegas indic\u00f3 que el Estado de M\u00e9xico es una tierra de oportunidades, donde gobierno y sociedad trabajan para atraer m\u00e1s inversiones mediante la ampliaci\u00f3n de infraestructura vial, la reducci\u00f3n de tr\u00e1mites para apertura de negocios, adem\u00e1s de impulsar una agenda para reforzar la seguridad p\u00fablica, lo que se traduce en confianza de los empresarios y generaci\u00f3n de empleos para los mexiquenses.<\/p>\n<p>El mandatario estatal destac\u00f3 algunas de las acciones que el gobierno mexiquense ha realizado para ampliar sus ventajas competitivas, entre las que se encuentran diversas obras de infraestructura carretera, como la autopista Toluca-Naucalpan, as\u00ed como la puesta en operaci\u00f3n del C-5 en Ecatepec y Toluca, como parte del sistema de videovigilancia, donde se interconectan 10 mil c\u00e1maras de videovigilancia, mismo que est\u00e1 a disposici\u00f3n de las empresas para que conecten las c\u00e1maras de sus establecimientos.<\/p>\n<p>\u201cMe siento muy orgulloso, muy contento, de ser testigo y de estar en la inauguraci\u00f3n de este Centro Log\u00edstico de FedEx, que servir\u00e1 para el crecimiento econ\u00f3mico de M\u00e9xico, que servir\u00e1 para generar m\u00e1s empleos a la poblaci\u00f3n del Estado de M\u00e9xico, nuestro agradecimiento por la confianza que tienen en M\u00e9xico y especialmente en el Estado de M\u00e9xico\u201d, dijo.<\/p>\n<p>Eruviel \u00c1vila manifest\u00f3 que su administraci\u00f3n seguir\u00e1 impulsando acciones que permitan que m\u00e1s empresas conf\u00eden en la entidad mexiquense, que se ubica en el segundo lugar a nivel nacional del estudio Doing Business del Banco Mundial, como lugar ideal para abrir un negocio.<\/p>\n<p>Por su parte, Francisco Gonz\u00e1lez D\u00edaz, director general de ProM\u00e9xico y representante personal del presidente Enrique Pe\u00f1a Nieto, dijo que la inversi\u00f3n de FedEx representa un importante impulso al desarrollo y crecimiento econ\u00f3mico del Estado de M\u00e9xico y de la Zona Metropolitana del Valle de M\u00e9xico.<\/p>\n","protected":false},"excerpt":{"rendered":"<p>Al inaugurar el centro log\u00edstico de una empresa de mensajer\u00eda, que es el m\u00e1s grande de Latinoam\u00e9rica, el gobernador Eruviel \u00c1vila Villegas indic\u00f3 que el Estado de M\u00e9xico es una tierra de oportunidades, donde gobierno y sociedad trabajan para atraer m\u00e1s inversiones mediante la ampliaci\u00f3n de infraestructura vial, la reducci\u00f3n de tr\u00e1mites para apertura de negocios, adem\u00e1s de impulsar una agenda para reforzar la seguridad p\u00fablica, lo que se traduce en confianza de los empresarios y generaci\u00f3n de empleos para los mexiquenses.  <\/p>\n","protected":false},"author":5,"featured_media":297064,"comment_status":"open","ping_status":"open","sticky":false,"template":"","format":"standard","meta":{"_monsterinsights_skip_tracking":false,"_monsterinsights_sitenote_active":false,"_monsterinsights_sitenote_note":"","_monsterinsights_sitenote_category":0,"footnotes":""},"categories":[5],"tags":[971,5828,43675,55355],"class_list":["post-297060","post","type-post","status-publish","format-standard","has-post-thumbnail","hentry","category-estado-de-mexico","tag-cuautitlan-izcalli","tag-eruviel-avila-villegas","tag-estado-de-mexico","tag-inversiones"],"_links":{"self":[{"href":"https:\/\/www.diarioimagen.net\/index.php?rest_route=\/wp\/v2\/posts\/297060","targetHints":{"allow":["GET"]}}],"collection":[{"href":"https:\/\/www.diarioimagen.net\/index.php?rest_route=\/wp\/v2\/posts"}],"about":[{"href":"https:\/\/www.diarioimagen.net\/index.php?rest_route=\/wp\/v2\/types\/post"}],"author":[{"embeddable":true,"href":"https:\/\/www.diarioimagen.net\/index.php?rest_route=\/wp\/v2\/users\/5"}],"replies":[{"embeddable":true,"href":"https:\/\/www.diarioimagen.net\/index.php?rest_route=%2Fwp%2Fv2%2Fcomments&post=297060"}],"version-history":[{"count":0,"href":"https:\/\/www.diarioimagen.net\/index.php?rest_route=\/wp\/v2\/posts\/297060\/revisions"}],"wp:featuredmedia":[{"embeddable":true,"href":"https:\/\/www.diarioimagen.net\/index.php?rest_route=\/wp\/v2\/media\/297064"}],"wp:attachment":[{"href":"https:\/\/www.diarioimagen.net\/index.php?rest_route=%2Fwp%2Fv2%2Fmedia&parent=297060"}],"wp:term":[{"taxonomy":"category","embeddable":true,"href":"https:\/\/www.diarioimagen.net\/index.php?rest_route=%2Fwp%2Fv2%2Fcategories&post=297060"},{"taxonomy":"post_tag","embeddable":true,"href":"https:\/\/www.diarioimagen.net\/index.php?rest_route=%2Fwp%2Fv2%2Ftags&post=297060"}],"curies":[{"name":"wp","href":"https:\/\/api.w.org\/{rel}","templated":true}]}}