{"id":297117,"date":"2016-11-04T00:08:43","date_gmt":"2016-11-04T06:08:43","guid":{"rendered":"http:\/\/www.diarioimagen.net\/?p=297117"},"modified":"2016-11-04T04:02:08","modified_gmt":"2016-11-04T10:02:08","slug":"se-trabaja-para-generar-mas-empleos","status":"publish","type":"post","link":"https:\/\/www.diarioimagen.net\/?p=297117","title":{"rendered":"Se trabaja para generar m\u00e1s empleos"},"content":{"rendered":"<h2>Arco Norte<\/h2>\n<h5>Jos\u00e9 Luis Monta\u00f1ez Aguilar<\/h5>\n<p>&nbsp;<\/p>\n<div id=\"attachment_297167\" style=\"width: 470px\" class=\"wp-caption aligncenter\"><a href=\"http:\/\/www.diarioimagen.net\/?attachment_id=297167\" rel=\"attachment wp-att-297167\"><img loading=\"lazy\" decoding=\"async\" aria-describedby=\"caption-attachment-297167\" class=\"size-large wp-image-297167\" src=\"http:\/\/www.diarioimagen.net\/wp-content\/uploads\/2016\/11\/arco-2990-460x306.jpg\" alt=\"Eruviel \u00c1vila - Inaugurando Centro Log\u00edsitico FedEx.\" width=\"460\" height=\"306\" srcset=\"https:\/\/www.diarioimagen.net\/wp-content\/uploads\/2016\/11\/arco-2990-460x306.jpg 460w, https:\/\/www.diarioimagen.net\/wp-content\/uploads\/2016\/11\/arco-2990-240x160.jpg 240w, https:\/\/www.diarioimagen.net\/wp-content\/uploads\/2016\/11\/arco-2990.jpg 640w\" sizes=\"auto, (max-width: 460px) 100vw, 460px\" \/><\/a><p id=\"caption-attachment-297167\" class=\"wp-caption-text\">Eruviel \u00c1vila &#8211; Inaugurando Centro Log\u00edsitico FedEx.<\/p><\/div>\n<p>&nbsp;<\/p>\n<p>El gobernador Eruviel \u00c1vila Villegas indic\u00f3 que el Estado de M\u00e9xico es una tierra de oportunidades, donde gobierno y sociedad trabajan para atraer m\u00e1s inversiones mediante la ampliaci\u00f3n de infraestructura vial, la reducci\u00f3n de tr\u00e1mites para apertura de negocios, adem\u00e1s de impulsar una agenda para reforzar la seguridad p\u00fablica, lo que se traduce en confianza de los empresarios y generaci\u00f3n de empleos para los mexiquenses.<\/p>\n<p>En la inauguraci\u00f3n, en Cuautitl\u00e1n Izcalli, del centro log\u00edstico de una empresa de mensajer\u00eda, destac\u00f3 algunas de las acciones que el gobierno mexiquense ha realizado para ampliar sus ventajas competitivas, entre las que se encuentran diversas obras de infraestructura carretera, como la autopista Toluca-Naucalpan, as\u00ed como la puesta en operaci\u00f3n del C-5 en Ecatepec y Toluca, como parte del sistema de videovigilancia, donde se interconectan 10 mil c\u00e1maras de videovigilancia, mismo que est\u00e1 a disposici\u00f3n de las empresas para que conecten las c\u00e1maras de sus establecimientos \u00c1vila Villegas manifest\u00f3 que su administraci\u00f3n seguir\u00e1 impulsando acciones que permitan que m\u00e1s empresas conf\u00eden en la entidad mexiquense, que se ubica en el segundo lugar a nivel nacional del estudio Doing Business del Banco Mundial, como lugar ideal para abrir un negocio.<\/p>\n<p style=\"text-align: center;\"><strong>Construir\u00e1n en Axapusco plantel de Escuela de Artes y Oficios<\/strong><\/p>\n<p>Talleres y cursos en especialidades como gastronom\u00eda y cultora de belleza, tendr\u00e1 el plantel n\u00famero 45 de la Escuela de Artes y Oficios del Estado de M\u00e9xico (Edayo), que se construir\u00e1 en breve en el municipio de Axapusco, inform\u00f3 el director general del Instituto de Capacitaci\u00f3n y Adiestramiento para el Trabajo Industrial (ICATI), Eduardo Blanco Rodr\u00edguez. Durante la firma del convenio para la edificaci\u00f3n de este plantel, que sign\u00f3 con el alcalde de Axapusco, Felipe Borja Texocotitla, el director del ICATI se\u00f1al\u00f3 que esta escuela representar\u00e1 una oportunidad de desarrollo laboral para los habitantes de esta regi\u00f3n.<\/p>\n<p>Asimismo, entreg\u00f3 a la Edayo del municipio de Ecatepec, vales por un mill\u00f3n 296 mil 334 pesos en equipo de oficina y herramienta, entre los que se encuentran una camioneta para pr\u00e1ctica de mec\u00e1nica automotriz, que beneficiar\u00e1 a mil 173 alumnos.<\/p>\n<p><em><a href=\"mailto:montanezaguilar@gmail.com\" target=\"_blank\">montanezaguilar@gmail.com<\/a><\/em><\/p>\n","protected":false},"excerpt":{"rendered":"<p><span style=\"color: #005497;\">Jos\u00e9 Luis Monta\u00f1ez<\/span><br \/>\n<br \/>\nEl gobernador Eruviel \u00c1vila Villegas indic\u00f3 que el Estado de M\u00e9xico es una tierra de oportunidades, donde gobierno y sociedad trabajan para atraer m\u00e1s inversiones mediante la ampliaci\u00f3n de infraestructura vial, la reducci\u00f3n de tr\u00e1mites para apertura de negocios, adem\u00e1s de impulsar una agenda para reforzar la seguridad p\u00fablica, lo que se traduce en confianza de los empresarios y generaci\u00f3n de empleos para los mexiquenses.<\/p>\n","protected":false},"author":3,"featured_media":297167,"comment_status":"open","ping_status":"open","sticky":false,"template":"","format":"standard","meta":{"_monsterinsights_skip_tracking":false,"_monsterinsights_sitenote_active":false,"_monsterinsights_sitenote_note":"","_monsterinsights_sitenote_category":0,"footnotes":""},"categories":[5],"tags":[13284,43704,43674],"class_list":["post-297117","post","type-post","status-publish","format-standard","has-post-thumbnail","hentry","category-estado-de-mexico","tag-arco-norte","tag-jose-luis-montanez-aguilar","tag-opinion"],"_links":{"self":[{"href":"https:\/\/www.diarioimagen.net\/index.php?rest_route=\/wp\/v2\/posts\/297117","targetHints":{"allow":["GET"]}}],"collection":[{"href":"https:\/\/www.diarioimagen.net\/index.php?rest_route=\/wp\/v2\/posts"}],"about":[{"href":"https:\/\/www.diarioimagen.net\/index.php?rest_route=\/wp\/v2\/types\/post"}],"author":[{"embeddable":true,"href":"https:\/\/www.diarioimagen.net\/index.php?rest_route=\/wp\/v2\/users\/3"}],"replies":[{"embeddable":true,"href":"https:\/\/www.diarioimagen.net\/index.php?rest_route=%2Fwp%2Fv2%2Fcomments&post=297117"}],"version-history":[{"count":0,"href":"https:\/\/www.diarioimagen.net\/index.php?rest_route=\/wp\/v2\/posts\/297117\/revisions"}],"wp:featuredmedia":[{"embeddable":true,"href":"https:\/\/www.diarioimagen.net\/index.php?rest_route=\/wp\/v2\/media\/297167"}],"wp:attachment":[{"href":"https:\/\/www.diarioimagen.net\/index.php?rest_route=%2Fwp%2Fv2%2Fmedia&parent=297117"}],"wp:term":[{"taxonomy":"category","embeddable":true,"href":"https:\/\/www.diarioimagen.net\/index.php?rest_route=%2Fwp%2Fv2%2Fcategories&post=297117"},{"taxonomy":"post_tag","embeddable":true,"href":"https:\/\/www.diarioimagen.net\/index.php?rest_route=%2Fwp%2Fv2%2Ftags&post=297117"}],"curies":[{"name":"wp","href":"https:\/\/api.w.org\/{rel}","templated":true}]}}