{"id":297125,"date":"2016-11-04T00:09:52","date_gmt":"2016-11-04T06:09:52","guid":{"rendered":"http:\/\/www.diarioimagen.net\/?p=297125"},"modified":"2016-11-04T05:11:26","modified_gmt":"2016-11-04T11:11:26","slug":"pemex-preve-equilibrio-financiero-hacia-2020","status":"publish","type":"post","link":"https:\/\/www.diarioimagen.net\/?p=297125","title":{"rendered":"Pemex prev\u00e9 equilibrio financiero hacia 2020"},"content":{"rendered":"<ul>\n<li><strong><em>En 2017 lograr\u00eda super\u00e1vit por 8.4 mil mdp<\/em><\/strong><\/li>\n<\/ul>\n<p>&nbsp;<\/p>\n<div id=\"attachment_297175\" style=\"width: 470px\" class=\"wp-caption aligncenter\"><a href=\"http:\/\/www.diarioimagen.net\/?attachment_id=297175\" rel=\"attachment wp-att-297175\"><img loading=\"lazy\" decoding=\"async\" aria-describedby=\"caption-attachment-297175\" class=\"size-large wp-image-297175\" src=\"http:\/\/www.diarioimagen.net\/wp-content\/uploads\/2016\/11\/pemex-2990-460x259.jpg\" alt=\"Jos\u00e9 Antonio Gonz\u00e1lez Anaya present\u00f3 la iniciativa Plan de Negocios de Pemex 2016-2021.\" width=\"460\" height=\"259\" srcset=\"https:\/\/www.diarioimagen.net\/wp-content\/uploads\/2016\/11\/pemex-2990-460x259.jpg 460w, https:\/\/www.diarioimagen.net\/wp-content\/uploads\/2016\/11\/pemex-2990-240x135.jpg 240w, https:\/\/www.diarioimagen.net\/wp-content\/uploads\/2016\/11\/pemex-2990-235x132.jpg 235w, https:\/\/www.diarioimagen.net\/wp-content\/uploads\/2016\/11\/pemex-2990-202x114.jpg 202w, https:\/\/www.diarioimagen.net\/wp-content\/uploads\/2016\/11\/pemex-2990-350x196.jpg 350w, https:\/\/www.diarioimagen.net\/wp-content\/uploads\/2016\/11\/pemex-2990-220x123.jpg 220w, https:\/\/www.diarioimagen.net\/wp-content\/uploads\/2016\/11\/pemex-2990-237x132.jpg 237w, https:\/\/www.diarioimagen.net\/wp-content\/uploads\/2016\/11\/pemex-2990.jpg 480w\" sizes=\"auto, (max-width: 460px) 100vw, 460px\" \/><\/a><p id=\"caption-attachment-297175\" class=\"wp-caption-text\">Jos\u00e9 Antonio Gonz\u00e1lez Anaya present\u00f3 la iniciativa Plan de Negocios de Pemex 2016-2021.<\/p><\/div>\n<p>&nbsp;<\/p>\n<p>La implementaci\u00f3n del Plan de Negocios de Petr\u00f3leos Mexicanos (Pemex) 2016-2021 permitir\u00e1 a la empresa llegar a un equilibrio financiero hacia 2020, indic\u00f3 su director general, Jos\u00e9 Antonio Gonz\u00e1lez Anaya.<\/p>\n<p>Durante la presentaci\u00f3n de esta iniciativa, el funcionario destac\u00f3 que en 2017 se ver\u00e1 un cambio en la tendencia de la empresa, debido a que esperan un super\u00e1vit primario por 8.4 mil millones de pesos.<\/p>\n<p>A su vez, estiman una plataforma de producci\u00f3n alcanzable de mil 944 millones de barriles diarios para el pr\u00f3ximo a\u00f1o; ello, aunado a un precio de petr\u00f3leo de alrededor de 42 d\u00f3lares por tonel.<\/p>\n<p>Gonz\u00e1lez Anaya abund\u00f3 que el Plan de Negocios 2016-2021 tiene como eje la rentabilidad, por lo que el reto a corto plazo consiste en ajustar su estructura de costos a un escenario de precios bajos.<\/p>\n<p>El directivo agreg\u00f3 que si bien la empresa tiene finanzas estables, esta estrategia le permitir\u00e1 tener un mejor balance en sus finanzas mediante alianzas, inversiones rentables y mejoramiento de su deuda<\/p>\n<p>\u201cPemex puede regresar a un equilibrio financiero para 2020 o 2019, eso se traduce en que Pemex estabilice su deuda en los mismo a\u00f1os y que adem\u00e1s empiece un proceso de recuperaci\u00f3n gradual, pero sostenido de la plataforma\u201d, apunt\u00f3.<\/p>\n<p>Como parte del plan, se buscar\u00e1 que Pemex Exploraci\u00f3n y Producci\u00f3n remplace la ca\u00edda de Cantarell, cuya producci\u00f3n pas\u00f3 de dos millones de barriles diarios a alrededor de 200 mil actuales.<\/p>\n<p>Sin embargo, Gonz\u00e1lez Anaya resalt\u00f3 que la producci\u00f3n, sin contemplar este yacimiento, aument\u00f3 54 por ciento en los \u00faltimos a\u00f1os, lo que equivale a 700 mil barriles diarios.<\/p>\n<p>Adem\u00e1s, expuso que viene un plan agresivo de farmouts, lo que permitir\u00e1 aumentar la producci\u00f3n 15 por ciento y la rentabilidad de la empresa de forma importante; lo que permitir\u00e1 construir un escenario que permita aumentar la recaudaci\u00f3n para Hacienda y un alivio fiscal para la compa\u00f1\u00eda.<\/p>\n<p>&nbsp;<\/p>\n","protected":false},"excerpt":{"rendered":"<p>La implementaci\u00f3n del Plan de Negocios de Petr\u00f3leos Mexicanos (Pemex) 2016-2021 permitir\u00e1 a la empresa llegar a un equilibrio financiero hacia 2020, indic\u00f3 su director general, Jos\u00e9 Antonio Gonz\u00e1lez Anaya.<\/p>\n","protected":false},"author":3,"featured_media":297175,"comment_status":"open","ping_status":"open","sticky":false,"template":"","format":"standard","meta":{"_monsterinsights_skip_tracking":false,"_monsterinsights_sitenote_active":false,"_monsterinsights_sitenote_note":"","_monsterinsights_sitenote_category":0,"footnotes":""},"categories":[8],"tags":[23836,292,2411],"class_list":["post-297125","post","type-post","status-publish","format-standard","has-post-thumbnail","hentry","category-finanzas","tag-equilibrio","tag-pemex","tag-petroleos-mexicanos"],"_links":{"self":[{"href":"https:\/\/www.diarioimagen.net\/index.php?rest_route=\/wp\/v2\/posts\/297125","targetHints":{"allow":["GET"]}}],"collection":[{"href":"https:\/\/www.diarioimagen.net\/index.php?rest_route=\/wp\/v2\/posts"}],"about":[{"href":"https:\/\/www.diarioimagen.net\/index.php?rest_route=\/wp\/v2\/types\/post"}],"author":[{"embeddable":true,"href":"https:\/\/www.diarioimagen.net\/index.php?rest_route=\/wp\/v2\/users\/3"}],"replies":[{"embeddable":true,"href":"https:\/\/www.diarioimagen.net\/index.php?rest_route=%2Fwp%2Fv2%2Fcomments&post=297125"}],"version-history":[{"count":0,"href":"https:\/\/www.diarioimagen.net\/index.php?rest_route=\/wp\/v2\/posts\/297125\/revisions"}],"wp:featuredmedia":[{"embeddable":true,"href":"https:\/\/www.diarioimagen.net\/index.php?rest_route=\/wp\/v2\/media\/297175"}],"wp:attachment":[{"href":"https:\/\/www.diarioimagen.net\/index.php?rest_route=%2Fwp%2Fv2%2Fmedia&parent=297125"}],"wp:term":[{"taxonomy":"category","embeddable":true,"href":"https:\/\/www.diarioimagen.net\/index.php?rest_route=%2Fwp%2Fv2%2Fcategories&post=297125"},{"taxonomy":"post_tag","embeddable":true,"href":"https:\/\/www.diarioimagen.net\/index.php?rest_route=%2Fwp%2Fv2%2Ftags&post=297125"}],"curies":[{"name":"wp","href":"https:\/\/api.w.org\/{rel}","templated":true}]}}