{"id":297136,"date":"2016-11-04T00:03:03","date_gmt":"2016-11-04T06:03:03","guid":{"rendered":"http:\/\/www.diarioimagen.net\/?p=297136"},"modified":"2016-11-04T04:32:34","modified_gmt":"2016-11-04T10:32:34","slug":"modernizan-avenida-leona-vicario-en-metepec-para-agilizar-movilidad","status":"publish","type":"post","link":"https:\/\/www.diarioimagen.net\/?p=297136","title":{"rendered":"Modernizan avenida Leona Vicario en Metepec para agilizar movilidad"},"content":{"rendered":"<ul>\n<li><strong><em>Inicia importante obra el 2 de enero<\/em><\/strong><\/li>\n<\/ul>\n<p>&nbsp;<\/p>\n<div id=\"attachment_297203\" style=\"width: 470px\" class=\"wp-caption aligncenter\"><a href=\"http:\/\/www.diarioimagen.net\/?attachment_id=297203\" rel=\"attachment wp-att-297203\"><img loading=\"lazy\" decoding=\"async\" aria-describedby=\"caption-attachment-297203\" class=\"size-large wp-image-297203\" src=\"http:\/\/www.diarioimagen.net\/wp-content\/uploads\/2016\/11\/METEPEC-2990-460x364.jpg\" alt=\"La obra, donde aplicar\u00e1n concreto hidr\u00e1ulico en ambos cuerpos de Ignacio Comonfort a Benito Ju\u00e1rez, iniciar\u00e1 el 2 de enero.\" width=\"460\" height=\"364\" srcset=\"https:\/\/www.diarioimagen.net\/wp-content\/uploads\/2016\/11\/METEPEC-2990-460x364.jpg 460w, https:\/\/www.diarioimagen.net\/wp-content\/uploads\/2016\/11\/METEPEC-2990-240x190.jpg 240w, https:\/\/www.diarioimagen.net\/wp-content\/uploads\/2016\/11\/METEPEC-2990.jpg 491w\" sizes=\"auto, (max-width: 460px) 100vw, 460px\" \/><\/a><p id=\"caption-attachment-297203\" class=\"wp-caption-text\">La obra, donde aplicar\u00e1n concreto hidr\u00e1ulico en ambos cuerpos de Ignacio Comonfort a Benito Ju\u00e1rez, iniciar\u00e1 el 2 de enero.<\/p><\/div>\n<p>&nbsp;<\/p>\n<p><strong>Metepec, Estado de M\u00e9xico<\/strong>.- El gobierno local llevar\u00e1 a cabo una importante obra vial que alentar\u00e1 la movilidad y seguridad en la zona comercial m\u00e1s importante del Valle de Toluca.<\/p>\n<p>Se trata del reencarpetado con concreto hidr\u00e1ulico de la avenida Leona Vicario en ambos cuerpos, en el tramo comprendido entre Ignacio Comonfort y Benito Ju\u00e1rez.<\/p>\n<p>El director de Obras P\u00fablicas del municipio, Edmundo Baeza V\u00e1zquez, se\u00f1al\u00f3 que la obra contempla la modernizaci\u00f3n de la v\u00eda en mil 220 metros lineales y 14 metros de ancho que comprenden los cuatro carriles para un total de 17 mil 80 metros cuadrados, lo que generar\u00e1 mayor durabilidad, m\u00e1s seguridad, aplicaci\u00f3n de material sustentable (mejor reflectividad de la luz), menor consumo de combustible para los usuarios y reducci\u00f3n de costos de mantenimiento por ciclo de v\u00eda, por mencionar algunos.<\/p>\n<p>Agreg\u00f3 que los trabajos iniciar\u00e1n el pr\u00f3ximo 2 de enero del 2017 y tendr\u00e1n una duraci\u00f3n aproximada de dos meses; sin embargo, aclar\u00f3 que para ello se afectar\u00e1 lo menos posible\u00a0 a los vecinos y establecimientos de la zona de influencia de la obra, pues se habilitar\u00e1n carriles parciales de tr\u00e1nsito y se tienen consideradas rutas alternas de circulaci\u00f3n vial.<\/p>\n<p>\u201cSi viene de Paseo San Isidro hacia Leona Vicario estar\u00e1 abierto un cuerpo en ambos sentidos y se estar\u00e1 habilitando en doble circulaci\u00f3n la calle Josefa Ortiz de Dom\u00ednguez como v\u00eda alterna; en tanto que si el trayecto es de Benito Ju\u00e1rez hacia Leona Vicario estar\u00e1 abierto un cuerpo en cada lado, es decir, nunca estar\u00e1 cerrada en su totalidad la vialidad intervenida\u201d, acot\u00f3 el funcionario.<\/p>\n<p style=\"text-align: center;\"><strong>Sensibilizaci\u00f3n<\/strong><\/p>\n<p>Para la realizaci\u00f3n de la obra con recursos financieros provenientes de la federaci\u00f3n considerada para la modernizaci\u00f3n de v\u00edas primarias en \u00e1reas urbanas, el gobierno de Metepec a trav\u00e9s del secretario del Ayuntamiento, Alejandro Abad Lara Terr\u00f3n, presidi\u00f3 la m\u00e1s reciente reuni\u00f3n (de otras efectuadas) apenas el pasado\u00a0martes con prestadores de servicios, para darles a conocer el proyecto, destacando que la obra se ten\u00eda contemplada iniciar hace dos meses, pero en raz\u00f3n de la temporada navide\u00f1a y para no afectar el comercio, se realizar\u00e1 en el inicio del 2017.<\/p>\n<p><strong>\u00a0<\/strong><\/p>\n","protected":false},"excerpt":{"rendered":"<p>l gobierno local llevar\u00e1 a cabo una importante obra vial que alentar\u00e1 la movilidad y seguridad en la zona comercial m\u00e1s importante del Valle de Toluca.<\/p>\n","protected":false},"author":3,"featured_media":297203,"comment_status":"open","ping_status":"open","sticky":false,"template":"","format":"standard","meta":{"_monsterinsights_skip_tracking":false,"_monsterinsights_sitenote_active":false,"_monsterinsights_sitenote_note":"","_monsterinsights_sitenote_category":0,"footnotes":""},"categories":[35155],"tags":[43675,7775,876],"class_list":["post-297136","post","type-post","status-publish","format-standard","has-post-thumbnail","hentry","category-estado-de-mexico-estado-de-mexico","tag-estado-de-mexico","tag-leona-vicario","tag-metepec"],"_links":{"self":[{"href":"https:\/\/www.diarioimagen.net\/index.php?rest_route=\/wp\/v2\/posts\/297136","targetHints":{"allow":["GET"]}}],"collection":[{"href":"https:\/\/www.diarioimagen.net\/index.php?rest_route=\/wp\/v2\/posts"}],"about":[{"href":"https:\/\/www.diarioimagen.net\/index.php?rest_route=\/wp\/v2\/types\/post"}],"author":[{"embeddable":true,"href":"https:\/\/www.diarioimagen.net\/index.php?rest_route=\/wp\/v2\/users\/3"}],"replies":[{"embeddable":true,"href":"https:\/\/www.diarioimagen.net\/index.php?rest_route=%2Fwp%2Fv2%2Fcomments&post=297136"}],"version-history":[{"count":0,"href":"https:\/\/www.diarioimagen.net\/index.php?rest_route=\/wp\/v2\/posts\/297136\/revisions"}],"wp:featuredmedia":[{"embeddable":true,"href":"https:\/\/www.diarioimagen.net\/index.php?rest_route=\/wp\/v2\/media\/297203"}],"wp:attachment":[{"href":"https:\/\/www.diarioimagen.net\/index.php?rest_route=%2Fwp%2Fv2%2Fmedia&parent=297136"}],"wp:term":[{"taxonomy":"category","embeddable":true,"href":"https:\/\/www.diarioimagen.net\/index.php?rest_route=%2Fwp%2Fv2%2Fcategories&post=297136"},{"taxonomy":"post_tag","embeddable":true,"href":"https:\/\/www.diarioimagen.net\/index.php?rest_route=%2Fwp%2Fv2%2Ftags&post=297136"}],"curies":[{"name":"wp","href":"https:\/\/api.w.org\/{rel}","templated":true}]}}