{"id":297227,"date":"2016-11-04T00:04:44","date_gmt":"2016-11-04T06:04:44","guid":{"rendered":"http:\/\/www.diarioimagen.net\/?p=297227"},"modified":"2016-11-04T04:48:59","modified_gmt":"2016-11-04T10:48:59","slug":"educacion-sin-luchas-gremiales","status":"publish","type":"post","link":"https:\/\/www.diarioimagen.net\/?p=297227","title":{"rendered":"Educaci\u00f3n, sin luchas gremiales"},"content":{"rendered":"<h2>Desde el portal<\/h2>\n<h5>\u00c1ngel Soriano<\/h5>\n<p>&nbsp;<\/p>\n<p>En la conmemoraci\u00f3n del 70 aniversario del Instituto Tecnol\u00f3gico Aut\u00f3nomo de M\u00e9xico (ITAM), el Presidente Enrique Pe\u00f1a Nieto afirm\u00f3 que\u00a0 a partir de los cambios impulsados no s\u00f3lo por su gobierno, sino por la convergencia de esfuerzos de las distintas expresiones pol\u00edticas, hoy se han colocado cimientos importantes que nos permiten ya proyectar, imaginar, c\u00f3mo ser\u00e1 M\u00e9xico dentro de muy pocos a\u00f1os: con una educaci\u00f3n de mayor calidad, un M\u00e9xico con mayor soberan\u00eda energ\u00e9tica, donde haya empresas participando en la exploraci\u00f3n y producci\u00f3n de nuestros recursos y de nuestra riqueza energ\u00e9tica, para la prosperidad y desarrollo nacional; un M\u00e9xico de mayor competencia en distintos sectores.<\/p>\n<p>A su vez el presidente de la Junta de Gobierno del ITAM, Alberto Baill\u00e8res Gonz\u00e1lez, afirm\u00f3 que la reforma educativa, la primera de varias trascendentales reformas constitucionales emprendidas por el Presidente Pe\u00f1a Nieto, es la que brinda la mayor contribuci\u00f3n al desarrollo, porque beneficia directamente a todas las familias mexicanas, al ofrecerle a sus hijos y a las siguientes generaciones una mejor oportunidad de superaci\u00f3n personal y de bienestar, pero estableci\u00f3 que \u201cla educaci\u00f3n debe guiarse y gestionarse como una pol\u00edtica de Estado, debe estar a salvo de la lucha de los intereses partidarios y gremiales.<\/p>\n<p>Pe\u00f1a Nieto agradeci\u00f3 a Alberto Baill\u00e8res su respaldo a la reforma educativa\u00a0 y puntualiz\u00f3 que sus frutos \u201cno se habr\u00e1n de apreciar en el corto plazo\u201d, y abund\u00f3 que la reforma \u201cse compone fundamentalmente de tres importantes variables: lograr una mejor y mayor profesionalizaci\u00f3n de nuestros docentes; tener maestras y maestros mejor preparados, mejor capacitados, y sujetos a una constante y regular la evaluaci\u00f3n; y tener tambi\u00e9n una mejor infraestructura educativa\u201d.<\/p>\n<p>Resalt\u00f3 que El ITAM, sin duda, es un ejemplo del modelo educativo que estamos impulsando, esta es una instituci\u00f3n de excelencia y cumple hoy siete d\u00e9cadas \u201cde excelencia acad\u00e9mica, formando mujeres y hombres de bien, e impulsando l\u00edderes que han acompa\u00f1ado el crecimiento de nuestro pa\u00eds. Estas aulas han visto pasar a miles de mujeres y hombres, quienes han aportado su esfuerzo y talento a la consolidaci\u00f3n del pa\u00eds que hoy tenemos\u201d, reconociendo que el ITAM y sus egresados \u201chan aportado mucho a consolidar este modelo de mercado de apertura comercial y de estabilidad macroecon\u00f3mica que ha conducido a la econom\u00eda mexicana en los \u00faltimos 30 a\u00f1os\u201d, y \u201cla comunidad del ITAM siempre ha aportado a la evoluci\u00f3n de nuestro pa\u00eds, se\u00f1alando con oportunidad los desaf\u00edos pendientes y contribuyendo tambi\u00e9n, o aportando ideas, a las posibles soluciones de esos retos que como naci\u00f3n enfrentamos\u201d.<\/p>\n<p style=\"text-align: center;\"><strong>TURBULENCIAS<br \/>\nProtagonismo de Monreal<\/strong><\/p>\n<p>Resulta incre\u00edble que el delegado en la Cuauht\u00e9moc, Ricardo Monreal \u2013se\u00f1alan los vecinos-, ignorara que un personaje de talla mundial como Alfonso Cuar\u00f3n iba a filmar en la colonia Tabacalera y que cumple con los permisos correspondientes, como el mismo zacatecano lo reconoci\u00f3 como para actuar de manera prepotente en contra del equipo f\u00edlmico y agredirlos; lo que pasa es que en su af\u00e1n protag\u00f3nico logr\u00f3 lo que quer\u00eda: salir en la pel\u00edcula, indican\u2026El Presidente Enrique Pe\u00f1a Nieto se reuni\u00f3 en Los Pinos, por separado, con los gobernadores electos de Veracruz, Oaxaca y Tlaxcala, Miguel \u00c1ngel Yunes Linares, Alejandro Murat Hinojosa y Marco Antonio Mena Rodr\u00edguez, respectivamente, con quienes dialog\u00f3 sobre la situaci\u00f3n actual en sus entidades y sobre distintos proyectos y programas que desarrollar\u00e1n en sus respectivas administraciones estatales, adem\u00e1s de felicitarlos por sus respectivos triunfos electorales\u2026Federico Ovalle Vaquera, Secretario General de la Central Independiente de Obreros Agr\u00edcolas y Campesinos advirti\u00f3 que M\u00e9xico en 2017 mantendr\u00e1 una perspectiva alimentaria negativa ante el abandono presupuestal del Estado al campo, la crisis econ\u00f3mica que se avizora y la indiferencia de los partidos pol\u00edticos y calific\u00f3 como vergonzosos los cuantiosos recursos que se asignan diputados federales y senadores presuntamente para apoyar programas en cada una de sus entidades sin que cumplan con su cometido y tambi\u00e9n recrimin\u00f3 a los dirigentes de los partidos pol\u00edticos Enrique Ocho Reza, Ricardo Anaya y Alejandra Barrales, su falta de compromiso para con el sector campesino; ma\u00edz, el frijol, trigo y arroz as\u00ed como algunos c\u00e1rnicos reportar\u00e1n bajas de producci\u00f3n nacional lo que motivar\u00e1 un boom importador que s\u00f3lo dar\u00e1 la \u201cestocada de muerte\u201d a los peque\u00f1os y medianos productores quienes carecen de los apoyos gubernamentales para sembrar y cosechar en tiempo y forma con altos rendimientos, precis\u00f3.<\/p>\n<p><em><a href=\"http:\/\/www.revista-brecha.com\/\" target=\"_blank\">www.revista-brecha.com<br \/>\n<\/a><a href=\"mailto:asorianodesdelportalo@hotmail.com\" target=\"_blank\">asorianodesdelportalo@hotmail.com<\/a><\/em><\/p>\n","protected":false},"excerpt":{"rendered":"<p><span style=\"color: #005497;\"><strong>\u00c1ngel Soriano<\/strong><\/span><\/p>\n","protected":false},"author":3,"featured_media":0,"comment_status":"open","ping_status":"open","sticky":false,"template":"","format":"standard","meta":{"_monsterinsights_skip_tracking":false,"_monsterinsights_sitenote_active":false,"_monsterinsights_sitenote_note":"","_monsterinsights_sitenote_category":0,"footnotes":""},"categories":[135],"tags":[46667,43674,46668],"class_list":["post-297227","post","type-post","status-publish","format-standard","hentry","category-angel-soriano-opinion","tag-desde-el-portal-angel","tag-opinion","tag-soriano"],"_links":{"self":[{"href":"https:\/\/www.diarioimagen.net\/index.php?rest_route=\/wp\/v2\/posts\/297227","targetHints":{"allow":["GET"]}}],"collection":[{"href":"https:\/\/www.diarioimagen.net\/index.php?rest_route=\/wp\/v2\/posts"}],"about":[{"href":"https:\/\/www.diarioimagen.net\/index.php?rest_route=\/wp\/v2\/types\/post"}],"author":[{"embeddable":true,"href":"https:\/\/www.diarioimagen.net\/index.php?rest_route=\/wp\/v2\/users\/3"}],"replies":[{"embeddable":true,"href":"https:\/\/www.diarioimagen.net\/index.php?rest_route=%2Fwp%2Fv2%2Fcomments&post=297227"}],"version-history":[{"count":0,"href":"https:\/\/www.diarioimagen.net\/index.php?rest_route=\/wp\/v2\/posts\/297227\/revisions"}],"wp:attachment":[{"href":"https:\/\/www.diarioimagen.net\/index.php?rest_route=%2Fwp%2Fv2%2Fmedia&parent=297227"}],"wp:term":[{"taxonomy":"category","embeddable":true,"href":"https:\/\/www.diarioimagen.net\/index.php?rest_route=%2Fwp%2Fv2%2Fcategories&post=297227"},{"taxonomy":"post_tag","embeddable":true,"href":"https:\/\/www.diarioimagen.net\/index.php?rest_route=%2Fwp%2Fv2%2Ftags&post=297227"}],"curies":[{"name":"wp","href":"https:\/\/api.w.org\/{rel}","templated":true}]}}