{"id":297332,"date":"2016-11-07T00:02:39","date_gmt":"2016-11-07T06:02:39","guid":{"rendered":"http:\/\/www.diarioimagen.net\/?p=297332"},"modified":"2016-11-07T04:38:05","modified_gmt":"2016-11-07T10:38:05","slug":"detienen-en-tlalnepantla-a-19-sujetos-por-diversos-delitos","status":"publish","type":"post","link":"https:\/\/www.diarioimagen.net\/?p=297332","title":{"rendered":"Detienen en Tlalnepantla a 19 sujetos por diversos delitos"},"content":{"rendered":"<ul>\n<li><strong><em>Robo a transporte p\u00fablico<\/em><\/strong><\/li>\n<\/ul>\n<p>&nbsp;<\/p>\n<div id=\"attachment_297428\" style=\"width: 470px\" class=\"wp-caption aligncenter\"><a href=\"http:\/\/www.diarioimagen.net\/?attachment_id=297428\" rel=\"attachment wp-att-297428\"><img loading=\"lazy\" decoding=\"async\" aria-describedby=\"caption-attachment-297428\" class=\"size-large wp-image-297428\" src=\"http:\/\/www.diarioimagen.net\/wp-content\/uploads\/2016\/11\/bamdal-2991-460x259.jpg\" alt=\"En uno de los operativos la polic\u00eda detuvo a cuatro sujetos en posesi\u00f3n de varios tel\u00e9fonos celulares que acababan de robar en un microb\u00fas.\" width=\"460\" height=\"259\" srcset=\"https:\/\/www.diarioimagen.net\/wp-content\/uploads\/2016\/11\/bamdal-2991-460x259.jpg 460w, https:\/\/www.diarioimagen.net\/wp-content\/uploads\/2016\/11\/bamdal-2991-240x135.jpg 240w, https:\/\/www.diarioimagen.net\/wp-content\/uploads\/2016\/11\/bamdal-2991-235x132.jpg 235w, https:\/\/www.diarioimagen.net\/wp-content\/uploads\/2016\/11\/bamdal-2991-202x114.jpg 202w, https:\/\/www.diarioimagen.net\/wp-content\/uploads\/2016\/11\/bamdal-2991-350x196.jpg 350w, https:\/\/www.diarioimagen.net\/wp-content\/uploads\/2016\/11\/bamdal-2991-220x123.jpg 220w, https:\/\/www.diarioimagen.net\/wp-content\/uploads\/2016\/11\/bamdal-2991-237x132.jpg 237w, https:\/\/www.diarioimagen.net\/wp-content\/uploads\/2016\/11\/bamdal-2991.jpg 480w\" sizes=\"auto, (max-width: 460px) 100vw, 460px\" \/><\/a><p id=\"caption-attachment-297428\" class=\"wp-caption-text\">En uno de los operativos la polic\u00eda detuvo a cuatro sujetos en posesi\u00f3n de varios tel\u00e9fonos celulares que acababan de robar en un microb\u00fas.<\/p><\/div>\n<p>&nbsp;<\/p>\n<p><strong>Tlalnepantla, Estado de M\u00e9xico<\/strong>.- En distintas acciones polic\u00edacas, elementos de la Comisar\u00eda de Seguridad P\u00fablica lograron la detenci\u00f3n de 19 sujetos involucrados en diversos il\u00edcitos, entre \u00e9stos: robo a transporte p\u00fablico, de veh\u00edculos y autopartes, as\u00ed como delitos contra la salud.<\/p>\n<p>Durante un patrullaje preventivo en el puente de San Rafael, polic\u00edas municipales recibieron el reporte ciudadano de que cuatro individuos acababan de asaltar en el microb\u00fas en el que viajaban y hu\u00edan a bordo de un veh\u00edculo Ford Fiesta 2005 con placas de circulaci\u00f3n 82-00 JES, color negro y crom\u00e1tica rosa.<\/p>\n<p>Ante este aviso, los uniformados comenzaron la persecuci\u00f3n, logrando detener a quienes dijeron llamarse Adri\u00e1n \u201cN\u201d, Miguel \u00c1ngel \u201cN\u201d, Andr\u00e9s \u201cN\u201d y Ram\u00f3n \u201cN\u201d, de 24, 27,18 y 21 a\u00f1os de edad, respectivamente, asegur\u00e1ndoles varios tel\u00e9fonos celulares.<\/p>\n<p>En otra acci\u00f3n m\u00e1s, fue aprehendido Fernando \u201cN\u201d, de 24 a\u00f1os, acusado de robar a los pasajeros de un cami\u00f3n Mercedes-Benz, modelo 2006, cuando \u00e9ste circulaba sobre avenida 3-A y Calzada Vallejo, en la zona industrial San Pablo Xalpa.<\/p>\n<p>Adem\u00e1s se le se\u00f1al\u00f3 como el presunto responsable de la muerte de una mujer, quien al tratar de huir, se lanz\u00f3 de la unidad y al estrellarse en el pavimento falleci\u00f3.<\/p>\n<p>De igual forma, al realizar un recorrido sobre avenida Hidalgo esquina Toltecas, en la zona centro del municipio, elementos de la polic\u00eda local acudieron al llamado de auxilio de un hombre que fue asaltado a bordo un cami\u00f3n de pasajeros, al cual se subieron tres sujetos y despojaron de sus pertenencias a los usuarios.<\/p>\n<p>Los detenidos: Alexis \u201cN\u201d, de 22 a\u00f1os; David \u201cN\u201d, de 18, y Manuel Francisco \u201cN\u201d, de 37, fueron trasladados a la agencia del Ministerio P\u00fablico para determinar su situaci\u00f3n jur\u00eddica.<\/p>\n<p>&nbsp;<\/p>\n","protected":false},"excerpt":{"rendered":"<p>En distintas acciones polic\u00edacas, elementos de la Comisar\u00eda de Seguridad P\u00fablica lograron la detenci\u00f3n de 19 sujetos involucrados en diversos il\u00edcitos, entre \u00e9stos: robo a transporte p\u00fablico, de veh\u00edculos y autopartes, as\u00ed como delitos contra la salud.<\/p>\n","protected":false},"author":3,"featured_media":297428,"comment_status":"open","ping_status":"open","sticky":false,"template":"","format":"standard","meta":{"_monsterinsights_skip_tracking":false,"_monsterinsights_sitenote_active":false,"_monsterinsights_sitenote_note":"","_monsterinsights_sitenote_category":0,"footnotes":""},"categories":[35155],"tags":[24607,21556,43675,169],"class_list":["post-297332","post","type-post","status-publish","format-standard","has-post-thumbnail","hentry","category-estado-de-mexico-estado-de-mexico","tag-delitos","tag-detencion","tag-estado-de-mexico","tag-tlalnepantla"],"_links":{"self":[{"href":"https:\/\/www.diarioimagen.net\/index.php?rest_route=\/wp\/v2\/posts\/297332","targetHints":{"allow":["GET"]}}],"collection":[{"href":"https:\/\/www.diarioimagen.net\/index.php?rest_route=\/wp\/v2\/posts"}],"about":[{"href":"https:\/\/www.diarioimagen.net\/index.php?rest_route=\/wp\/v2\/types\/post"}],"author":[{"embeddable":true,"href":"https:\/\/www.diarioimagen.net\/index.php?rest_route=\/wp\/v2\/users\/3"}],"replies":[{"embeddable":true,"href":"https:\/\/www.diarioimagen.net\/index.php?rest_route=%2Fwp%2Fv2%2Fcomments&post=297332"}],"version-history":[{"count":0,"href":"https:\/\/www.diarioimagen.net\/index.php?rest_route=\/wp\/v2\/posts\/297332\/revisions"}],"wp:featuredmedia":[{"embeddable":true,"href":"https:\/\/www.diarioimagen.net\/index.php?rest_route=\/wp\/v2\/media\/297428"}],"wp:attachment":[{"href":"https:\/\/www.diarioimagen.net\/index.php?rest_route=%2Fwp%2Fv2%2Fmedia&parent=297332"}],"wp:term":[{"taxonomy":"category","embeddable":true,"href":"https:\/\/www.diarioimagen.net\/index.php?rest_route=%2Fwp%2Fv2%2Fcategories&post=297332"},{"taxonomy":"post_tag","embeddable":true,"href":"https:\/\/www.diarioimagen.net\/index.php?rest_route=%2Fwp%2Fv2%2Ftags&post=297332"}],"curies":[{"name":"wp","href":"https:\/\/api.w.org\/{rel}","templated":true}]}}