{"id":297342,"date":"2016-11-07T00:01:22","date_gmt":"2016-11-07T06:01:22","guid":{"rendered":"http:\/\/www.diarioimagen.net\/?p=297342"},"modified":"2016-11-07T04:44:51","modified_gmt":"2016-11-07T10:44:51","slug":"desarticula-pgr-banda-de-plagiarios-en-edomex","status":"publish","type":"post","link":"https:\/\/www.diarioimagen.net\/?p=297342","title":{"rendered":"Desarticula PGR banda de plagiarios en Edomex"},"content":{"rendered":"<ul>\n<li><strong><em>Zona oriente<\/em><\/strong><\/li>\n<\/ul>\n<p>&nbsp;<\/p>\n<p><a href=\"http:\/\/www.diarioimagen.net\/?attachment_id=297439\" rel=\"attachment wp-att-297439\"><img loading=\"lazy\" decoding=\"async\" class=\"aligncenter wp-image-297439 size-large\" src=\"http:\/\/www.diarioimagen.net\/wp-content\/uploads\/2016\/11\/pgr-2991-460x259.jpg\" alt=\"pgr-2991\" width=\"460\" height=\"259\" srcset=\"https:\/\/www.diarioimagen.net\/wp-content\/uploads\/2016\/11\/pgr-2991-460x259.jpg 460w, https:\/\/www.diarioimagen.net\/wp-content\/uploads\/2016\/11\/pgr-2991-240x135.jpg 240w, https:\/\/www.diarioimagen.net\/wp-content\/uploads\/2016\/11\/pgr-2991-235x132.jpg 235w, https:\/\/www.diarioimagen.net\/wp-content\/uploads\/2016\/11\/pgr-2991-202x114.jpg 202w, https:\/\/www.diarioimagen.net\/wp-content\/uploads\/2016\/11\/pgr-2991-350x196.jpg 350w, https:\/\/www.diarioimagen.net\/wp-content\/uploads\/2016\/11\/pgr-2991-220x123.jpg 220w, https:\/\/www.diarioimagen.net\/wp-content\/uploads\/2016\/11\/pgr-2991-237x132.jpg 237w, https:\/\/www.diarioimagen.net\/wp-content\/uploads\/2016\/11\/pgr-2991.jpg 480w\" sizes=\"auto, (max-width: 460px) 100vw, 460px\" \/><\/a><\/p>\n<p>&nbsp;<\/p>\n<p>La Procuradur\u00eda General de la Rep\u00fablica (PGR), en coordinaci\u00f3n con elementos de la Polic\u00eda Federal, desarticul\u00f3 una organizaci\u00f3n delictiva dedicada al secuestro en municipios de la zona oriente del Estado de M\u00e9xico.<\/p>\n<p>La dependencia se\u00f1al\u00f3 que el Ministerio P\u00fablico de la Federaci\u00f3n obtuvo del juez del Centro de Justicia Penal Federal en Nezahualc\u00f3yotl, auto de vinculaci\u00f3n a proceso y prisi\u00f3n preventiva oficiosa, contra cinco integrantes de este grupo.<\/p>\n<p>Esto, por los delitos de secuestro y violaci\u00f3n a la Ley Federal de Armas de Fuego en seguimiento a la carpeta de investigaci\u00f3n relativa al secuestro de un comerciante de 27 a\u00f1os ocurrido el 29 de marzo de 2016, en el municipio de Los Reyes La Paz.<\/p>\n<p>En un comunicado, abund\u00f3 que en este hecho los secuestradores exig\u00edan 15 millones de pesos, por el que el pasado 4 de abril se pagaron 420 mil pesos y la factura endosada de un veh\u00edculo 2010.<\/p>\n<p>Derivado de las indagatorias se comprob\u00f3 que este secuestro estaba vinculado, con cinco casos m\u00e1s del il\u00edcito, cuatro de ellos radicados en la Procuradur\u00eda General de Justicia del Estado de M\u00e9xico.<\/p>\n<p>En este sentido indic\u00f3 que las autoridades locales lograron la judicializaci\u00f3n de tres personas, mientras que el Ministerio P\u00fablico Federal obtuvo siete \u00f3rdenes de aprehensi\u00f3n por el delito de delincuencia organizada.<\/p>\n<p>Precis\u00f3 que de las mencionadas siete \u00f3rdenes se han cumplimentado cinco, de las cuales tres por reclusi\u00f3n y dos m\u00e1s el pasado 31 de agosto de 2016 por elementos de Divisi\u00f3n de Investigaci\u00f3n de la Polic\u00eda Federal.<\/p>\n<p>En tanto que el 28 de octubre de 2016, en coordinaci\u00f3n con elementos de la Polic\u00eda Federal de la Divisi\u00f3n de Investigaci\u00f3n, cumplimentaron la orden de aprehensi\u00f3n contra los dos imputados faltantes.<\/p>\n<p>Agreg\u00f3 que se logr\u00f3 la liberaci\u00f3n con vida de una v\u00edctima de 41 a\u00f1os de edad, comerciante secuestrado el 27 de octubre de 2016, en Chimalhuac\u00e1n, as\u00ed como la detenci\u00f3n de tres sujetos m\u00e1s.<\/p>\n<p>&nbsp;<\/p>\n","protected":false},"excerpt":{"rendered":"<p>La Procuradur\u00eda General de la Rep\u00fablica (PGR), en coordinaci\u00f3n con elementos de la Polic\u00eda Federal, desarticul\u00f3 una organizaci\u00f3n delictiva dedicada al secuestro en municipios de la zona oriente del Estado de M\u00e9xico.<\/p>\n","protected":false},"author":3,"featured_media":297439,"comment_status":"open","ping_status":"open","sticky":false,"template":"","format":"standard","meta":{"_monsterinsights_skip_tracking":false,"_monsterinsights_sitenote_active":false,"_monsterinsights_sitenote_note":"","_monsterinsights_sitenote_category":0,"footnotes":""},"categories":[35155],"tags":[43675,232,4501,1350,27887],"class_list":["post-297342","post","type-post","status-publish","format-standard","has-post-thumbnail","hentry","category-estado-de-mexico-estado-de-mexico","tag-estado-de-mexico","tag-pgr","tag-plagiarios","tag-policia-federal","tag-procuraduria-general-de-la-republica"],"_links":{"self":[{"href":"https:\/\/www.diarioimagen.net\/index.php?rest_route=\/wp\/v2\/posts\/297342","targetHints":{"allow":["GET"]}}],"collection":[{"href":"https:\/\/www.diarioimagen.net\/index.php?rest_route=\/wp\/v2\/posts"}],"about":[{"href":"https:\/\/www.diarioimagen.net\/index.php?rest_route=\/wp\/v2\/types\/post"}],"author":[{"embeddable":true,"href":"https:\/\/www.diarioimagen.net\/index.php?rest_route=\/wp\/v2\/users\/3"}],"replies":[{"embeddable":true,"href":"https:\/\/www.diarioimagen.net\/index.php?rest_route=%2Fwp%2Fv2%2Fcomments&post=297342"}],"version-history":[{"count":0,"href":"https:\/\/www.diarioimagen.net\/index.php?rest_route=\/wp\/v2\/posts\/297342\/revisions"}],"wp:featuredmedia":[{"embeddable":true,"href":"https:\/\/www.diarioimagen.net\/index.php?rest_route=\/wp\/v2\/media\/297439"}],"wp:attachment":[{"href":"https:\/\/www.diarioimagen.net\/index.php?rest_route=%2Fwp%2Fv2%2Fmedia&parent=297342"}],"wp:term":[{"taxonomy":"category","embeddable":true,"href":"https:\/\/www.diarioimagen.net\/index.php?rest_route=%2Fwp%2Fv2%2Fcategories&post=297342"},{"taxonomy":"post_tag","embeddable":true,"href":"https:\/\/www.diarioimagen.net\/index.php?rest_route=%2Fwp%2Fv2%2Ftags&post=297342"}],"curies":[{"name":"wp","href":"https:\/\/api.w.org\/{rel}","templated":true}]}}