{"id":297539,"date":"2016-11-08T00:08:20","date_gmt":"2016-11-08T06:08:20","guid":{"rendered":"http:\/\/www.diarioimagen.net\/?p=297539"},"modified":"2016-11-08T06:00:12","modified_gmt":"2016-11-08T12:00:12","slug":"destacan-capacidad-industrial","status":"publish","type":"post","link":"https:\/\/www.diarioimagen.net\/?p=297539","title":{"rendered":"Destacan capacidad industrial"},"content":{"rendered":"<h2>Arco Norte<\/h2>\n<h5>Jos\u00e9 Luis Monta\u00f1ez Aguilar<\/h5>\n<p>&nbsp;<\/p>\n<p><a href=\"http:\/\/www.diarioimagen.net\/?attachment_id=297635\" rel=\"attachment wp-att-297635\"><img loading=\"lazy\" decoding=\"async\" class=\"aligncenter size-large wp-image-297635\" src=\"http:\/\/www.diarioimagen.net\/wp-content\/uploads\/2016\/11\/arco-2992-460x259.jpg\" alt=\"arco-2992\" width=\"460\" height=\"259\" srcset=\"https:\/\/www.diarioimagen.net\/wp-content\/uploads\/2016\/11\/arco-2992-460x259.jpg 460w, https:\/\/www.diarioimagen.net\/wp-content\/uploads\/2016\/11\/arco-2992-240x135.jpg 240w, https:\/\/www.diarioimagen.net\/wp-content\/uploads\/2016\/11\/arco-2992-235x132.jpg 235w, https:\/\/www.diarioimagen.net\/wp-content\/uploads\/2016\/11\/arco-2992-202x114.jpg 202w, https:\/\/www.diarioimagen.net\/wp-content\/uploads\/2016\/11\/arco-2992-350x196.jpg 350w, https:\/\/www.diarioimagen.net\/wp-content\/uploads\/2016\/11\/arco-2992-220x123.jpg 220w, https:\/\/www.diarioimagen.net\/wp-content\/uploads\/2016\/11\/arco-2992-237x132.jpg 237w, https:\/\/www.diarioimagen.net\/wp-content\/uploads\/2016\/11\/arco-2992.jpg 480w\" sizes=\"auto, (max-width: 460px) 100vw, 460px\" \/><\/a><\/p>\n<p>&nbsp;<\/p>\n<p>Durante los \u00faltimos cinco a\u00f1os, han llegado al Estado de M\u00e9xico m\u00e1s de 23 mil millones de d\u00f3lares de inversi\u00f3n extranjera y nacional, que ubican a la entidad entre los primeros cinco lugares de captaci\u00f3n de inversiones en el pa\u00eds, se dio a conocer durante el anuncio de inversi\u00f3n de E Group y la inauguraci\u00f3n del Centro de Distribuci\u00f3n de Pepsico en Cuautitl\u00e1n Izcalli, encabezada por el secretario de Econom\u00eda,\u00a0 Ildefonso Guajardo, y el gobernador Eruviel \u00c1vila. Al respecto, Eruviel \u00c1vila asegur\u00f3 que gracias a la confianza de los inversionistas, la entidad creci\u00f3 en el segundo trimestre de este a\u00f1o 4.5 por ciento, lo que adem\u00e1s ha permitido que 12 de cada 100 empresas se ubiquen en la regi\u00f3n, sumando m\u00e1s de 670 mil unidades econ\u00f3micas.<\/p>\n<p>Por su parte, el secretario Ildefonso Guajardafirm\u00f3 que estas inversiones han sido resultado de la capacidad industrial con la que cuenta el Estado de M\u00e9xico, su ubicaci\u00f3n estrat\u00e9gica, el desarrollo de infraestructura vial y la simplificaci\u00f3n de tr\u00e1mites, que la consolidan como soporte en la generaci\u00f3n del Producto Interno Bruto nacional.<\/p>\n<p style=\"text-align: center;\"><strong>Construir\u00e1n en 8 d\u00edas Plaza Estado de M\u00e9xico en Teoloyucan<\/strong><\/p>\n<p>Con el prop\u00f3sito de fomentar la convivencia y el deporte, el gobierno de la entidad construir\u00e1 en un lapso de ocho d\u00edas la Plaza Estado de M\u00e9xico en el municipio de Teoloyucan en beneficio de 5 mil habitantes de la regi\u00f3n. Rodrigo Luis, subdirector de Construcci\u00f3n de Obra del Valle de M\u00e9xico, explic\u00f3 que la\u00a0 plaza se edificar\u00e1 sobre una superficie de 2 mil 500 metros cuadrados y contar\u00e1 con instalaciones para todas las edades, desde juegos infantiles, trotapista o ciclopista, hasta ejercitadores, cancha de futbol y de usos m\u00faltiples.<\/p>\n<p>Como caracter\u00edstica, esta plaza es una m\u00e1s de las que ser\u00e1n delimitadas con la reja de acero que fue utilizada durante la celebraci\u00f3n que realiz\u00f3 el Papa Francisco en su visita a Ecatepec, el 14 de febrero pasado, cualidad que s\u00f3lo comparten 20 de las 125 plazas que ser\u00e1n construidas en la entidad. El funcionario estatal indic\u00f3 que estos trabajos se realizan en promedio en tres meses, por lo que el desaf\u00edo de realizarlo en una semana implica una coordinaci\u00f3n operativa y de suministro de materiales para alcanzar el objetivo.<\/p>\n<p>Destac\u00f3 que en este caso, la plaza contar\u00e1 con una zona de p\u00e9rgolas, adem\u00e1s de m\u00f3dulos sanitarios.<\/p>\n<p><em><a href=\"mailto:montanezaguilar@gmail.com\" target=\"_blank\">montanezaguilar@gmail.com<\/a><\/em><\/p>\n","protected":false},"excerpt":{"rendered":"<p><span style=\"color: #005497;\">Jos\u00e9 Luis Monta\u00f1ez Aguilar<\/span><br \/>\n<br \/>\nDurante los \u00faltimos cinco a\u00f1os, han llegado al Estado de M\u00e9xico m\u00e1s de 23 mil millones de d\u00f3lares de inversi\u00f3n extranjera y nacional, que ubican a la entidad entre los primeros cinco lugares de captaci\u00f3n de inversiones en el pa\u00eds, se dio a conocer durante el anuncio de inversi\u00f3n de E Group y la inauguraci\u00f3n del Centro de Distribuci\u00f3n de Pepsico en Cuautitl\u00e1n Izcalli, encabezada por el secretario de Econom\u00eda,  Ildefonso Guajardo, y el gobernador Eruviel \u00c1vila. Al respecto, Eruviel \u00c1vila asegur\u00f3 que gracias a la confianza de los inversionistas, la entidad creci\u00f3 en el segundo trimestre de este a\u00f1o 4.5 por ciento, lo que adem\u00e1s ha permitido que 12 de cada 100 empresas se ubiquen en la regi\u00f3n, sumando m\u00e1s de 670 mil unidades econ\u00f3micas.<\/p>\n","protected":false},"author":3,"featured_media":297635,"comment_status":"open","ping_status":"open","sticky":false,"template":"","format":"standard","meta":{"_monsterinsights_skip_tracking":false,"_monsterinsights_sitenote_active":false,"_monsterinsights_sitenote_note":"","_monsterinsights_sitenote_category":0,"footnotes":""},"categories":[5],"tags":[13284,43704,43674],"class_list":["post-297539","post","type-post","status-publish","format-standard","has-post-thumbnail","hentry","category-estado-de-mexico","tag-arco-norte","tag-jose-luis-montanez-aguilar","tag-opinion"],"_links":{"self":[{"href":"https:\/\/www.diarioimagen.net\/index.php?rest_route=\/wp\/v2\/posts\/297539","targetHints":{"allow":["GET"]}}],"collection":[{"href":"https:\/\/www.diarioimagen.net\/index.php?rest_route=\/wp\/v2\/posts"}],"about":[{"href":"https:\/\/www.diarioimagen.net\/index.php?rest_route=\/wp\/v2\/types\/post"}],"author":[{"embeddable":true,"href":"https:\/\/www.diarioimagen.net\/index.php?rest_route=\/wp\/v2\/users\/3"}],"replies":[{"embeddable":true,"href":"https:\/\/www.diarioimagen.net\/index.php?rest_route=%2Fwp%2Fv2%2Fcomments&post=297539"}],"version-history":[{"count":0,"href":"https:\/\/www.diarioimagen.net\/index.php?rest_route=\/wp\/v2\/posts\/297539\/revisions"}],"wp:featuredmedia":[{"embeddable":true,"href":"https:\/\/www.diarioimagen.net\/index.php?rest_route=\/wp\/v2\/media\/297635"}],"wp:attachment":[{"href":"https:\/\/www.diarioimagen.net\/index.php?rest_route=%2Fwp%2Fv2%2Fmedia&parent=297539"}],"wp:term":[{"taxonomy":"category","embeddable":true,"href":"https:\/\/www.diarioimagen.net\/index.php?rest_route=%2Fwp%2Fv2%2Fcategories&post=297539"},{"taxonomy":"post_tag","embeddable":true,"href":"https:\/\/www.diarioimagen.net\/index.php?rest_route=%2Fwp%2Fv2%2Ftags&post=297539"}],"curies":[{"name":"wp","href":"https:\/\/api.w.org\/{rel}","templated":true}]}}