{"id":297553,"date":"2016-11-08T00:08:13","date_gmt":"2016-11-08T06:08:13","guid":{"rendered":"http:\/\/www.diarioimagen.net\/?p=297553"},"modified":"2016-11-08T10:01:03","modified_gmt":"2016-11-08T16:01:03","slug":"uber-estrena-app-y-tarifas-mas-altas-en-la-cdmx","status":"publish","type":"post","link":"https:\/\/www.diarioimagen.net\/?p=297553","title":{"rendered":"Uber estrena app y tarifas m\u00e1s altas en la CDMX"},"content":{"rendered":"<ul>\n<li><strong><em>M\u00e1s cargos<\/em><\/strong><\/li>\n<\/ul>\n<p>&nbsp;<\/p>\n<div id=\"attachment_297640\" style=\"width: 259px\" class=\"wp-caption alignleft\"><a href=\"http:\/\/www.diarioimagen.net\/?attachment_id=297640\" rel=\"attachment wp-att-297640\"><img loading=\"lazy\" decoding=\"async\" aria-describedby=\"caption-attachment-297640\" class=\" wp-image-297640\" src=\"http:\/\/www.diarioimagen.net\/wp-content\/uploads\/2016\/11\/uber-2992-316x460.jpg\" alt=\"El cargo que m\u00e1s afectar\u00e1 a los usuarios es el de contribuci\u00f3n gubernamental, que ser\u00e1 del 1.5 por ciento sobre la tarifa de cada viaje.\" width=\"249\" height=\"362\" srcset=\"https:\/\/www.diarioimagen.net\/wp-content\/uploads\/2016\/11\/uber-2992-316x460.jpg 316w, https:\/\/www.diarioimagen.net\/wp-content\/uploads\/2016\/11\/uber-2992-165x240.jpg 165w, https:\/\/www.diarioimagen.net\/wp-content\/uploads\/2016\/11\/uber-2992.jpg 481w\" sizes=\"auto, (max-width: 249px) 100vw, 249px\" \/><\/a><p id=\"caption-attachment-297640\" class=\"wp-caption-text\">El cargo que m\u00e1s afectar\u00e1 a los usuarios es el de contribuci\u00f3n gubernamental, que ser\u00e1 del 1.5 por ciento sobre la tarifa de cada viaje.<\/p><\/div>\n<p>La aplicaci\u00f3n de transporte privado Uber redise\u00f1\u00f3 por completo su aplicaci\u00f3n para ofrecer una experiencia mucho m\u00e1s r\u00e1pida e intuitiva a los usuarios, pero tambi\u00e9n tiene un aumento de tarifas.<\/p>\n<p>Como parte de la regulaci\u00f3n que el gobierno de la Ciudad de M\u00e9xico cre\u00f3 especialmente para transportes privados con chofer, como Uber y Cabify, llegaron nuevas tarifas que afectar\u00e1n no s\u00f3lo a los choferes de Uber, sino tambi\u00e9n a los usuarios.<\/p>\n<p>En julio, el gobierno de la Ciudad de M\u00e9xico, junto con empresas como Uber y Cabify llegaron a un acuerdo para sentar las bases de la primera regulaci\u00f3n en Am\u00e9rica Latina de este tipo para servicios de transporte administrados por aplicaciones.<\/p>\n<p>Desde la semana pasada, los usuarios comenzaron a ver reflejada en su recibo de Uber esta nueva regulaci\u00f3n, con 3 diferentes cargos: la cuota de solicitud, el cargo para \u201cotras contribuciones\u201d y otro de \u201ccontribuci\u00f3n gubernamental\u201d.<\/p>\n<p>Uber asegura que la cuota de solicitud tendr\u00e1 un precio fijo de 2 pesos y ayudar\u00e1 a financiar iniciativas de seguridad y otros costos operativos; el cargo para \u201cotras contribuciones\u201d ser\u00e1 de 3.60 pesos (tambi\u00e9n fijo) y \u201cayudar\u00e1 a cumplir con lo establecido por la regulaci\u00f3n de las Empresas de Redes de Transporte\u201d.<\/p>\n<p>Finalmente, el cargo que m\u00e1s afectar\u00e1 a los usuarios es el de contribuci\u00f3n gubernamental, que ser\u00e1 del 1.5 por ciento sobre la tarifa de cada viaje. Esto, ir\u00e1 al Fondo para el Taxi, la Movilidad y el Peat\u00f3n de la Ciudad de M\u00e9xico y el cual ayudar\u00e1 a la mejora de las unidades de taxis que circulan por la ciudad.<\/p>\n<p>Tras cinco a\u00f1os, la empresa decidi\u00f3 redise\u00f1ar por completo la aplicaci\u00f3n y ahora, al abrirse indicar tu destino ser\u00e1 tan f\u00e1cil como escoger uno de los botones que te presentar\u00e1n tus direcciones m\u00e1s frecuentes, adem\u00e1s de que te ser\u00e1 mucho m\u00e1s f\u00e1cil saber cu\u00e1nto vas a pagar.<\/p>\n<p>&nbsp;<\/p>\n<p>&nbsp;<\/p>\n<p>&nbsp;<\/p>\n","protected":false},"excerpt":{"rendered":"<p>La aplicaci\u00f3n de transporte privado Uber redise\u00f1\u00f3 por completo su aplicaci\u00f3n para ofrecer una experiencia mucho m\u00e1s r\u00e1pida e intuitiva a los usuarios, pero tambi\u00e9n tiene un aumento de tarifas. Como parte de la regulaci\u00f3n que el gobierno de la Ciudad de M\u00e9xico cre\u00f3 especialmente para transportes privados con chofer, como Uber y Cabify, llegaron nuevas tarifas que afectar\u00e1n no s\u00f3lo a los choferes de Uber, sino tambi\u00e9n a los usuarios.<\/p>\n","protected":false},"author":3,"featured_media":297640,"comment_status":"open","ping_status":"open","sticky":false,"template":"","format":"standard","meta":{"_monsterinsights_skip_tracking":false,"_monsterinsights_sitenote_active":false,"_monsterinsights_sitenote_note":"","_monsterinsights_sitenote_category":0,"footnotes":""},"categories":[6],"tags":[34444,204,13614,40733],"class_list":["post-297553","post","type-post","status-publish","format-standard","has-post-thumbnail","hentry","category-cd-de-mexico","tag-cdmx","tag-ciudad-de-mexico","tag-tarifa","tag-uber"],"_links":{"self":[{"href":"https:\/\/www.diarioimagen.net\/index.php?rest_route=\/wp\/v2\/posts\/297553","targetHints":{"allow":["GET"]}}],"collection":[{"href":"https:\/\/www.diarioimagen.net\/index.php?rest_route=\/wp\/v2\/posts"}],"about":[{"href":"https:\/\/www.diarioimagen.net\/index.php?rest_route=\/wp\/v2\/types\/post"}],"author":[{"embeddable":true,"href":"https:\/\/www.diarioimagen.net\/index.php?rest_route=\/wp\/v2\/users\/3"}],"replies":[{"embeddable":true,"href":"https:\/\/www.diarioimagen.net\/index.php?rest_route=%2Fwp%2Fv2%2Fcomments&post=297553"}],"version-history":[{"count":0,"href":"https:\/\/www.diarioimagen.net\/index.php?rest_route=\/wp\/v2\/posts\/297553\/revisions"}],"wp:featuredmedia":[{"embeddable":true,"href":"https:\/\/www.diarioimagen.net\/index.php?rest_route=\/wp\/v2\/media\/297640"}],"wp:attachment":[{"href":"https:\/\/www.diarioimagen.net\/index.php?rest_route=%2Fwp%2Fv2%2Fmedia&parent=297553"}],"wp:term":[{"taxonomy":"category","embeddable":true,"href":"https:\/\/www.diarioimagen.net\/index.php?rest_route=%2Fwp%2Fv2%2Fcategories&post=297553"},{"taxonomy":"post_tag","embeddable":true,"href":"https:\/\/www.diarioimagen.net\/index.php?rest_route=%2Fwp%2Fv2%2Ftags&post=297553"}],"curies":[{"name":"wp","href":"https:\/\/api.w.org\/{rel}","templated":true}]}}