{"id":297557,"date":"2016-11-08T00:06:46","date_gmt":"2016-11-08T06:06:46","guid":{"rendered":"http:\/\/www.diarioimagen.net\/?p=297557"},"modified":"2016-11-09T03:49:49","modified_gmt":"2016-11-09T09:49:49","slug":"formaliza-gobierno-capitalino-entrega-de-predio-a-tsjcdmx","status":"publish","type":"post","link":"https:\/\/www.diarioimagen.net\/?p=297557","title":{"rendered":"Formaliza gobierno capitalino entrega de predio a TSJCDMX"},"content":{"rendered":"<ul>\n<li><strong><em>Para avanzar en proyecto ciudad judicial<\/em><\/strong><\/li>\n<\/ul>\n<p>&nbsp;<\/p>\n<div id=\"attachment_297644\" style=\"width: 470px\" class=\"wp-caption aligncenter\"><a href=\"http:\/\/www.diarioimagen.net\/?attachment_id=297644\" rel=\"attachment wp-att-297644\"><img loading=\"lazy\" decoding=\"async\" aria-describedby=\"caption-attachment-297644\" class=\"size-large wp-image-297644\" src=\"http:\/\/www.diarioimagen.net\/wp-content\/uploads\/2016\/11\/elias-azar-2992-460x259.jpg\" alt=\"El oficial mayor del gobierno capitalino, Jorge Silva, entreg\u00f3 la documentaci\u00f3n correspondiente al magistrado Edgar El\u00edas Azar.\" width=\"460\" height=\"259\" srcset=\"https:\/\/www.diarioimagen.net\/wp-content\/uploads\/2016\/11\/elias-azar-2992-460x259.jpg 460w, https:\/\/www.diarioimagen.net\/wp-content\/uploads\/2016\/11\/elias-azar-2992-240x135.jpg 240w, https:\/\/www.diarioimagen.net\/wp-content\/uploads\/2016\/11\/elias-azar-2992-235x132.jpg 235w, https:\/\/www.diarioimagen.net\/wp-content\/uploads\/2016\/11\/elias-azar-2992-202x114.jpg 202w, https:\/\/www.diarioimagen.net\/wp-content\/uploads\/2016\/11\/elias-azar-2992-350x196.jpg 350w, https:\/\/www.diarioimagen.net\/wp-content\/uploads\/2016\/11\/elias-azar-2992-220x123.jpg 220w, https:\/\/www.diarioimagen.net\/wp-content\/uploads\/2016\/11\/elias-azar-2992-237x132.jpg 237w, https:\/\/www.diarioimagen.net\/wp-content\/uploads\/2016\/11\/elias-azar-2992.jpg 480w\" sizes=\"auto, (max-width: 460px) 100vw, 460px\" \/><\/a><p id=\"caption-attachment-297644\" class=\"wp-caption-text\">El oficial mayor del gobierno capitalino, Jorge Silva, entreg\u00f3 la documentaci\u00f3n correspondiente al magistrado Edgar El\u00edas Azar.<\/p><\/div>\n<p>&nbsp;<\/p>\n<p>El Gobierno de la Ciudad de M\u00e9xico formaliz\u00f3 la entrega al Tribunal Superior de Justicia de la Ciudad de M\u00e9xico (TSJCDMX), en donaci\u00f3n, del predio de Ni\u00f1os H\u00e9roes 150, colonia Doctores, en el que el \u00f3rgano judicial construye la Escuela Nacional de Jueces, 10 Salas Civiles, cinco Salas Familiares y una Sala de Pleno de Magistrados, proyecto que se enmarca en el desarrollo denominado Ciudad Judicial.<\/p>\n<p>Este d\u00eda, el oficial mayor del Gobierno de la Ciudad de M\u00e9xico, Jorge Silva Morales, estuvo en la sede del TSJCDMX, con el presidente del \u00f3rgano judicial, magistrado Edgar El\u00edas Azar, donde, en presencia de un notario, se hizo entrega de la documentaci\u00f3n correspondiente.<\/p>\n<p>El magistrado El\u00edas Azar reconoci\u00f3 el esfuerzo del jefe de gobierno, Miguel \u00c1ngel Mancera Espinosa, por apoyar los proyectos a favor de la justicia.<\/p>\n<p>Se trata de un predio de 4 mil 361.84 metros cuadrados de superficie, que el Gobierno de la Ciudad de M\u00e9xico expropi\u00f3 para su posterior enajenaci\u00f3n a favor del TSJCDMX a t\u00edtulo gratuito (donaci\u00f3n), con uso de suelo m\u00faltiple y autorizaci\u00f3n para construcci\u00f3n de hasta 20 pisos.<\/p>\n<p>Actualmente el TSJCDMX tiene en marcha una construcci\u00f3n de 33 mil metros cuadrados, en la que se prev\u00e9n \u00e1reas destinadas a agencia del Ministerio P\u00fablico, Defensor\u00eda P\u00fablica y 250 cajones de estacionamiento.<\/p>\n<p>El proyecto Ciudad Judicial hace patente el compromiso del \u00f3rgano judicial capitalino por desplegar esfuerzos encaminados a dotar de infraestructura moderna, digna y funcional a la sociedad, adem\u00e1s de que contiene un componente de \u00edndole social con el que se prev\u00e9 la revitalizaci\u00f3n y la dignificaci\u00f3n de la colonia Doctores.<\/p>\n<p>&nbsp;<\/p>\n","protected":false},"excerpt":{"rendered":"<p>El Gobierno de la Ciudad de M\u00e9xico formaliz\u00f3 la entrega al Tribunal Superior de Justicia de la Ciudad de M\u00e9xico (TSJCDMX), en donaci\u00f3n, del predio de Ni\u00f1os H\u00e9roes 150, colonia Doctores, en el que el \u00f3rgano judicial construye la Escuela Nacional de Jueces, 10 Salas Civiles, cinco Salas Familiares y una Sala de Pleno de Magistrados, proyecto que se enmarca en el desarrollo denominado Ciudad Judicial.<\/p>\n","protected":false},"author":3,"featured_media":297644,"comment_status":"open","ping_status":"open","sticky":false,"template":"","format":"standard","meta":{"_monsterinsights_skip_tracking":false,"_monsterinsights_sitenote_active":false,"_monsterinsights_sitenote_note":"","_monsterinsights_sitenote_category":0,"footnotes":""},"categories":[6],"tags":[1925,22090,49194],"class_list":["post-297557","post","type-post","status-publish","format-standard","has-post-thumbnail","hentry","category-cd-de-mexico","tag-edgar-elias-azar","tag-predios","tag-tribunal-superior-de-justicia-de-la-ciudad-de-mexico"],"_links":{"self":[{"href":"https:\/\/www.diarioimagen.net\/index.php?rest_route=\/wp\/v2\/posts\/297557","targetHints":{"allow":["GET"]}}],"collection":[{"href":"https:\/\/www.diarioimagen.net\/index.php?rest_route=\/wp\/v2\/posts"}],"about":[{"href":"https:\/\/www.diarioimagen.net\/index.php?rest_route=\/wp\/v2\/types\/post"}],"author":[{"embeddable":true,"href":"https:\/\/www.diarioimagen.net\/index.php?rest_route=\/wp\/v2\/users\/3"}],"replies":[{"embeddable":true,"href":"https:\/\/www.diarioimagen.net\/index.php?rest_route=%2Fwp%2Fv2%2Fcomments&post=297557"}],"version-history":[{"count":0,"href":"https:\/\/www.diarioimagen.net\/index.php?rest_route=\/wp\/v2\/posts\/297557\/revisions"}],"wp:featuredmedia":[{"embeddable":true,"href":"https:\/\/www.diarioimagen.net\/index.php?rest_route=\/wp\/v2\/media\/297644"}],"wp:attachment":[{"href":"https:\/\/www.diarioimagen.net\/index.php?rest_route=%2Fwp%2Fv2%2Fmedia&parent=297557"}],"wp:term":[{"taxonomy":"category","embeddable":true,"href":"https:\/\/www.diarioimagen.net\/index.php?rest_route=%2Fwp%2Fv2%2Fcategories&post=297557"},{"taxonomy":"post_tag","embeddable":true,"href":"https:\/\/www.diarioimagen.net\/index.php?rest_route=%2Fwp%2Fv2%2Ftags&post=297557"}],"curies":[{"name":"wp","href":"https:\/\/api.w.org\/{rel}","templated":true}]}}