{"id":297564,"date":"2016-11-08T00:02:47","date_gmt":"2016-11-08T06:02:47","guid":{"rendered":"http:\/\/www.diarioimagen.net\/?p=297564"},"modified":"2016-11-08T09:48:04","modified_gmt":"2016-11-08T15:48:04","slug":"reviven-las-tradiciones-festejando-dia-de-muertos-en-nicolas-romero","status":"publish","type":"post","link":"https:\/\/www.diarioimagen.net\/?p=297564","title":{"rendered":"Reviven las tradiciones festejando D\u00eda de Muertos en Nicol\u00e1s Romero"},"content":{"rendered":"<p><a href=\"http:\/\/www.diarioimagen.net\/?attachment_id=297653\" rel=\"attachment wp-att-297653\"><img loading=\"lazy\" decoding=\"async\" class=\"aligncenter size-large wp-image-297653\" src=\"http:\/\/www.diarioimagen.net\/wp-content\/uploads\/2016\/11\/NICOLAS-2992-460x259.jpg\" alt=\"nicolas-2992\" width=\"460\" height=\"259\" srcset=\"https:\/\/www.diarioimagen.net\/wp-content\/uploads\/2016\/11\/NICOLAS-2992-460x259.jpg 460w, https:\/\/www.diarioimagen.net\/wp-content\/uploads\/2016\/11\/NICOLAS-2992-240x135.jpg 240w, https:\/\/www.diarioimagen.net\/wp-content\/uploads\/2016\/11\/NICOLAS-2992-235x132.jpg 235w, https:\/\/www.diarioimagen.net\/wp-content\/uploads\/2016\/11\/NICOLAS-2992-202x114.jpg 202w, https:\/\/www.diarioimagen.net\/wp-content\/uploads\/2016\/11\/NICOLAS-2992-350x196.jpg 350w, https:\/\/www.diarioimagen.net\/wp-content\/uploads\/2016\/11\/NICOLAS-2992-220x123.jpg 220w, https:\/\/www.diarioimagen.net\/wp-content\/uploads\/2016\/11\/NICOLAS-2992-237x132.jpg 237w, https:\/\/www.diarioimagen.net\/wp-content\/uploads\/2016\/11\/NICOLAS-2992.jpg 480w\" sizes=\"auto, (max-width: 460px) 100vw, 460px\" \/><\/a><\/p>\n<p>&nbsp;<\/p>\n<p><strong>Nicol\u00e1s Romero, Estado de M\u00e9xico<\/strong>.- La explanada municipal fue el escenario donde instituciones educativas, asociaciones civiles, comerciantes, y p\u00fablico en general participaron en diferentes eventos los cuales vivieron la tradici\u00f3n que prevalece en los mexicanos al celebrar el d\u00eda de muertos.<\/p>\n<p>Mediante concursos de ofrendas y catrinas, el laberinto del terror, proyecci\u00f3n de pel\u00edculas, eventos culturales y verbena popular, el Ayuntamiento que preside Angelina Carre\u00f1o Mijares convivi\u00f3 en armon\u00eda con todos los asistentes, deleit\u00e1ndose el tradicional pan de muerto con atole de sabores ante una tarde friolenta en el centro de Nicol\u00e1s Romero.<\/p>\n","protected":false},"excerpt":{"rendered":"<p> La explanada municipal fue el escenario donde instituciones educativas, asociaciones civiles, comerciantes, y p\u00fablico en general participaron en diferentes eventos los cuales vivieron la tradici\u00f3n que prevalece en los mexicanos al celebrar el d\u00eda de muertos. <\/p>\n","protected":false},"author":3,"featured_media":297653,"comment_status":"open","ping_status":"open","sticky":false,"template":"","format":"standard","meta":{"_monsterinsights_skip_tracking":false,"_monsterinsights_sitenote_active":false,"_monsterinsights_sitenote_note":"","_monsterinsights_sitenote_category":0,"footnotes":""},"categories":[35155],"tags":[12303,43675,752],"class_list":["post-297564","post","type-post","status-publish","format-standard","has-post-thumbnail","hentry","category-estado-de-mexico-estado-de-mexico","tag-dia-de-muertos","tag-estado-de-mexico","tag-nicolas-romero"],"_links":{"self":[{"href":"https:\/\/www.diarioimagen.net\/index.php?rest_route=\/wp\/v2\/posts\/297564","targetHints":{"allow":["GET"]}}],"collection":[{"href":"https:\/\/www.diarioimagen.net\/index.php?rest_route=\/wp\/v2\/posts"}],"about":[{"href":"https:\/\/www.diarioimagen.net\/index.php?rest_route=\/wp\/v2\/types\/post"}],"author":[{"embeddable":true,"href":"https:\/\/www.diarioimagen.net\/index.php?rest_route=\/wp\/v2\/users\/3"}],"replies":[{"embeddable":true,"href":"https:\/\/www.diarioimagen.net\/index.php?rest_route=%2Fwp%2Fv2%2Fcomments&post=297564"}],"version-history":[{"count":0,"href":"https:\/\/www.diarioimagen.net\/index.php?rest_route=\/wp\/v2\/posts\/297564\/revisions"}],"wp:featuredmedia":[{"embeddable":true,"href":"https:\/\/www.diarioimagen.net\/index.php?rest_route=\/wp\/v2\/media\/297653"}],"wp:attachment":[{"href":"https:\/\/www.diarioimagen.net\/index.php?rest_route=%2Fwp%2Fv2%2Fmedia&parent=297564"}],"wp:term":[{"taxonomy":"category","embeddable":true,"href":"https:\/\/www.diarioimagen.net\/index.php?rest_route=%2Fwp%2Fv2%2Fcategories&post=297564"},{"taxonomy":"post_tag","embeddable":true,"href":"https:\/\/www.diarioimagen.net\/index.php?rest_route=%2Fwp%2Fv2%2Ftags&post=297564"}],"curies":[{"name":"wp","href":"https:\/\/api.w.org\/{rel}","templated":true}]}}