{"id":297568,"date":"2016-11-08T00:03:46","date_gmt":"2016-11-08T06:03:46","guid":{"rendered":"http:\/\/www.diarioimagen.net\/?p=297568"},"modified":"2016-11-08T09:50:49","modified_gmt":"2016-11-08T15:50:49","slug":"el-fandango-de-los-muertos-sobresale-en-cierre-de-festival","status":"publish","type":"post","link":"https:\/\/www.diarioimagen.net\/?p=297568","title":{"rendered":"\u201cEl fandango de los Muertos\u201d sobresale en cierre de festival"},"content":{"rendered":"<ul>\n<li><strong><em>Celebraci\u00f3n de D\u00eda de Muertos en Metepec<\/em><\/strong><\/li>\n<\/ul>\n<p>&nbsp;<\/p>\n<div id=\"attachment_297659\" style=\"width: 470px\" class=\"wp-caption aligncenter\"><a href=\"http:\/\/www.diarioimagen.net\/?attachment_id=297659\" rel=\"attachment wp-att-297659\"><img loading=\"lazy\" decoding=\"async\" aria-describedby=\"caption-attachment-297659\" class=\"size-large wp-image-297659\" src=\"http:\/\/www.diarioimagen.net\/wp-content\/uploads\/2016\/11\/METEPEC-2992-460x259.jpg\" alt=\"Entre aplausos y calaveritas pol\u00edticas culmin\u00f3 el Festival \u201cEl Fandango de los Muertos\u201d en Metepec.\" width=\"460\" height=\"259\" srcset=\"https:\/\/www.diarioimagen.net\/wp-content\/uploads\/2016\/11\/METEPEC-2992-460x259.jpg 460w, https:\/\/www.diarioimagen.net\/wp-content\/uploads\/2016\/11\/METEPEC-2992-240x135.jpg 240w, https:\/\/www.diarioimagen.net\/wp-content\/uploads\/2016\/11\/METEPEC-2992-235x132.jpg 235w, https:\/\/www.diarioimagen.net\/wp-content\/uploads\/2016\/11\/METEPEC-2992-202x114.jpg 202w, https:\/\/www.diarioimagen.net\/wp-content\/uploads\/2016\/11\/METEPEC-2992-350x196.jpg 350w, https:\/\/www.diarioimagen.net\/wp-content\/uploads\/2016\/11\/METEPEC-2992-220x123.jpg 220w, https:\/\/www.diarioimagen.net\/wp-content\/uploads\/2016\/11\/METEPEC-2992-237x132.jpg 237w, https:\/\/www.diarioimagen.net\/wp-content\/uploads\/2016\/11\/METEPEC-2992.jpg 480w\" sizes=\"auto, (max-width: 460px) 100vw, 460px\" \/><\/a><p id=\"caption-attachment-297659\" class=\"wp-caption-text\">Entre aplausos y calaveritas pol\u00edticas culmin\u00f3 el Festival \u201cEl Fandango de los Muertos\u201d en Metepec.<\/p><\/div>\n<p>&nbsp;<\/p>\n<p><strong>Metepec, Estado de M\u00e9xico<\/strong>.-\u00a0El cierre del Festival de D\u00eda de Muertos en Metepec, fue espectacular con la presencia de la Compa\u00f1\u00eda de Teatro de la Universidad Aut\u00f3noma del Estado de M\u00e9xico (UAEM), bajo la direcci\u00f3n del maestro H\u00e9ctor S\u00e1nchez D\u00edaz, quien present\u00f3 en las Escalinatas del Calvario \u201cEl Fandango de los Muertos\u201d.<\/p>\n<p>Los actores estuvieron ante un foro plet\u00f3rico y \u00e1vido de disfrutar de la \u00faltima representaci\u00f3n de la trig\u00e9sima primera temporada de la puesta en escena que se ha convertido en toda una tradici\u00f3n durante las fechas de octubre y noviembre, y por medio de la cual, la UAEM se ha posicionado como promotora cultural por excelencia en la entidad.<\/p>\n<p>En entrevista, el maestro H\u00e9ctor S\u00e1nchez se\u00f1al\u00f3,\u00a0\u00a0\u201cme siento bien por la realizaci\u00f3n de este trabajo que hacemos cada a\u00f1o con el mismo gusto que el primero.\u201d<\/p>\n<p>Sobre la persona encargada de renovar el contenido de las calaveritas literarias, que en esta ocasi\u00f3n hablaron de temas diversos, entre ellos, de pol\u00edtica, cultura, las elecciones de Estados Unidos, la reciente muerte de Juan Gabriel y el deporte, coment\u00f3: \u201cLas calaveras se renuevan cada a\u00f1o y para ello contamos con\u00a0\u00a0Alejandro Osorio desde hace 11 a\u00f1os, quien las crea con base en los principales acontecimientos nacionales e internacionales les da vida.\u201d<\/p>\n<p>Agradecido ante la excelente respuesta del p\u00fablico, S\u00e1nchez D\u00edaz valor\u00f3 la entrega de los metepequenses y el excelente recibimiento, as\u00ed como respeto a la libertad de expresi\u00f3n de la Compa\u00f1\u00eda de Teatro que posibilita el cumplimiento de su compromiso social con aquellos que asisten a sus presentaciones. Igualmente, enalteci\u00f3 al Ayuntamiento de Metepec por ofrecer el espacio para cerrar su temporada.<\/p>\n<p>&nbsp;<\/p>\n","protected":false},"excerpt":{"rendered":"<p>El cierre del Festival de D\u00eda de Muertos en Metepec, fue espectacular con la presencia de la Compa\u00f1\u00eda de Teatro de la Universidad Aut\u00f3noma del Estado de M\u00e9xico (UAEM), bajo la direcci\u00f3n del maestro H\u00e9ctor S\u00e1nchez D\u00edaz, quien present\u00f3 en las Escalinatas del Calvario \u201cEl Fandango de los Muertos\u201d.<\/p>\n","protected":false},"author":3,"featured_media":297659,"comment_status":"open","ping_status":"open","sticky":false,"template":"","format":"standard","meta":{"_monsterinsights_skip_tracking":false,"_monsterinsights_sitenote_active":false,"_monsterinsights_sitenote_note":"","_monsterinsights_sitenote_category":0,"footnotes":""},"categories":[35155],"tags":[12303,43675,45970,876],"class_list":["post-297568","post","type-post","status-publish","format-standard","has-post-thumbnail","hentry","category-estado-de-mexico-estado-de-mexico","tag-dia-de-muertos","tag-estado-de-mexico","tag-festival","tag-metepec"],"_links":{"self":[{"href":"https:\/\/www.diarioimagen.net\/index.php?rest_route=\/wp\/v2\/posts\/297568","targetHints":{"allow":["GET"]}}],"collection":[{"href":"https:\/\/www.diarioimagen.net\/index.php?rest_route=\/wp\/v2\/posts"}],"about":[{"href":"https:\/\/www.diarioimagen.net\/index.php?rest_route=\/wp\/v2\/types\/post"}],"author":[{"embeddable":true,"href":"https:\/\/www.diarioimagen.net\/index.php?rest_route=\/wp\/v2\/users\/3"}],"replies":[{"embeddable":true,"href":"https:\/\/www.diarioimagen.net\/index.php?rest_route=%2Fwp%2Fv2%2Fcomments&post=297568"}],"version-history":[{"count":0,"href":"https:\/\/www.diarioimagen.net\/index.php?rest_route=\/wp\/v2\/posts\/297568\/revisions"}],"wp:featuredmedia":[{"embeddable":true,"href":"https:\/\/www.diarioimagen.net\/index.php?rest_route=\/wp\/v2\/media\/297659"}],"wp:attachment":[{"href":"https:\/\/www.diarioimagen.net\/index.php?rest_route=%2Fwp%2Fv2%2Fmedia&parent=297568"}],"wp:term":[{"taxonomy":"category","embeddable":true,"href":"https:\/\/www.diarioimagen.net\/index.php?rest_route=%2Fwp%2Fv2%2Fcategories&post=297568"},{"taxonomy":"post_tag","embeddable":true,"href":"https:\/\/www.diarioimagen.net\/index.php?rest_route=%2Fwp%2Fv2%2Ftags&post=297568"}],"curies":[{"name":"wp","href":"https:\/\/api.w.org\/{rel}","templated":true}]}}