{"id":297711,"date":"2016-11-09T00:08:11","date_gmt":"2016-11-09T06:08:11","guid":{"rendered":"http:\/\/www.diarioimagen.net\/?p=297711"},"modified":"2016-11-10T05:34:38","modified_gmt":"2016-11-10T11:34:38","slug":"impulsa-edomex-educacion-para-transformar-vidas-y-formar-lideres","status":"publish","type":"post","link":"https:\/\/www.diarioimagen.net\/?p=297711","title":{"rendered":"Se han entregado m\u00e1s de 1.3 millones de becas"},"content":{"rendered":"<ul>\n<li><strong><em>En 5 a\u00f1os impulsa Edomex educaci\u00f3n para transformar vidas<\/em><\/strong><\/li>\n<\/ul>\n<h6>Jos\u00e9 Luis Monta\u00f1ez<\/h6>\n<p>&nbsp;<\/p>\n<div id=\"attachment_297712\" style=\"width: 470px\" class=\"wp-caption aligncenter\"><a href=\"http:\/\/www.diarioimagen.net\/?attachment_id=297712\" rel=\"attachment wp-att-297712\"><img loading=\"lazy\" decoding=\"async\" aria-describedby=\"caption-attachment-297712\" class=\"size-large wp-image-297712\" src=\"http:\/\/www.diarioimagen.net\/wp-content\/uploads\/2016\/11\/ERUVIEL9-PORTAL-460x268.jpg\" alt=\"El gobernador Eruviel \u00c1vila Villegas asisti\u00f3 a la conferencia \u201cLiderazgo Efectivo para el Siglo XXI\u201d, donde destac\u00f3 avances en materia educativa.\" width=\"460\" height=\"268\" srcset=\"https:\/\/www.diarioimagen.net\/wp-content\/uploads\/2016\/11\/ERUVIEL9-PORTAL-460x268.jpg 460w, https:\/\/www.diarioimagen.net\/wp-content\/uploads\/2016\/11\/ERUVIEL9-PORTAL-240x140.jpg 240w, https:\/\/www.diarioimagen.net\/wp-content\/uploads\/2016\/11\/ERUVIEL9-PORTAL.jpg 480w\" sizes=\"auto, (max-width: 460px) 100vw, 460px\" \/><\/a><p id=\"caption-attachment-297712\" class=\"wp-caption-text\">El gobernador Eruviel \u00c1vila Villegas asisti\u00f3 a la conferencia \u201cLiderazgo Efectivo para el Siglo XXI\u201d, donde destac\u00f3 avances en materia educativa.<\/p><\/div>\n<p>&nbsp;<\/p>\n<p><strong>Toluca, Estado de M\u00e9xico<\/strong>.- El futuro del pa\u00eds depende de los j\u00f3venes, por eso el Estado de M\u00e9xico es la entidad que m\u00e1s invierte en educaci\u00f3n, para tener mexiquenses mejor preparados que sean los l\u00edderes del ma\u00f1ana, por lo que se fortalece la infraestructura con nuevas universidades y adem\u00e1s se otorgan diversos tipos de becas, entre otras acciones, expres\u00f3 el gobernador Eruviel \u00c1vila Villegas.<\/p>\n<p>\u201cLo m\u00e1s importante si quieren llegar a ser grandes l\u00edderes, si quieren llegar a ser ma\u00f1ana las futuras gobernadoras, los futuros directores de grandes hospitales, pues tienen primero que estudiar, y por eso el gobierno del estado pone a su disposici\u00f3n la infraestructura educativa, con el apoyo del presidente Enrique Pe\u00f1a Nieto, la infraestructura educativa, y la infraestructura vial que tenemos. Depende de ustedes, amigas, amigos estudiantes, depende de ustedes el presente, pero sobre todo el futuro de M\u00e9xico\u201d, asever\u00f3.<\/p>\n<p>En Palacio de Gobierno en Toluca, al asistir a la conferencia \u201cLiderazgo Efectivo para el Siglo XXI\u201d, que imparti\u00f3 Ricardo Salinas Pliego, presidente de Grupo Salinas, durante la cual participaron estudiantes mexiquenses, Eruviel \u00c1vila expuso las acciones que su administraci\u00f3n ha llevado a cabo en materia educativa.<\/p>\n<p>En este sentido, destac\u00f3 la entrega de 18 nuevas universidades y m\u00e1s de 1 mill\u00f3n 300 mil becas en diferentes modalidades, como las becas al extranjero y la de est\u00edmulos a escoltas escolares, adem\u00e1s de que con el apoyo del gobierno federal, los alumnos de preparatoria y universidad ya cuentan con seguridad social a trav\u00e9s del IMSS.<\/p>\n<p>Indic\u00f3 que estos apoyos se entregan a los alumnos que destacan en sus estudios, esto como reconocimiento a la dedicaci\u00f3n que diariamente le ponen a sus actividades escolares.<\/p>\n<p>\u201cLos j\u00f3venes se la ganan, no necesitan recomendaci\u00f3n ni de un empresario ni de un pol\u00edtico, es con base a su promedio, con base en su dedicaci\u00f3n\u201d, apunt\u00f3.<\/p>\n<p>El Estado de M\u00e9xico es la entidad con la mayor matr\u00edcula escolar del pa\u00eds, con 4.8 millones de estudiantes\u00a0 que se preparan desde nivel b\u00e1sico hasta universidad.<\/p>\n","protected":false},"excerpt":{"rendered":"<p><span style=\"color: #005497;\">Jos\u00e9 Luis Monta\u00f1ez<\/span><br \/>\n<br \/>\n El futuro del pa\u00eds depende de los j\u00f3venes, por eso el Estado de M\u00e9xico es la entidad que m\u00e1s invierte en educaci\u00f3n, para tener mexiquenses mejor preparados que sean los l\u00edderes del ma\u00f1ana, por lo que se fortalece la infraestructura con nuevas universidades y adem\u00e1s se otorgan diversos tipos de becas, entre otras acciones, expres\u00f3 el gobernador Eruviel \u00c1vila Villegas.<\/p>\n","protected":false},"author":5,"featured_media":297712,"comment_status":"open","ping_status":"open","sticky":false,"template":"","format":"standard","meta":{"_monsterinsights_skip_tracking":false,"_monsterinsights_sitenote_active":false,"_monsterinsights_sitenote_note":"","_monsterinsights_sitenote_category":0,"footnotes":""},"categories":[5],"tags":[5828,43675,8384,452,55473],"class_list":["post-297711","post","type-post","status-publish","format-standard","has-post-thumbnail","hentry","category-estado-de-mexico","tag-eruviel-avila-villegas","tag-estado-de-mexico","tag-ricardo-salinas-pliego","tag-toluca","tag-transformar"],"_links":{"self":[{"href":"https:\/\/www.diarioimagen.net\/index.php?rest_route=\/wp\/v2\/posts\/297711","targetHints":{"allow":["GET"]}}],"collection":[{"href":"https:\/\/www.diarioimagen.net\/index.php?rest_route=\/wp\/v2\/posts"}],"about":[{"href":"https:\/\/www.diarioimagen.net\/index.php?rest_route=\/wp\/v2\/types\/post"}],"author":[{"embeddable":true,"href":"https:\/\/www.diarioimagen.net\/index.php?rest_route=\/wp\/v2\/users\/5"}],"replies":[{"embeddable":true,"href":"https:\/\/www.diarioimagen.net\/index.php?rest_route=%2Fwp%2Fv2%2Fcomments&post=297711"}],"version-history":[{"count":0,"href":"https:\/\/www.diarioimagen.net\/index.php?rest_route=\/wp\/v2\/posts\/297711\/revisions"}],"wp:featuredmedia":[{"embeddable":true,"href":"https:\/\/www.diarioimagen.net\/index.php?rest_route=\/wp\/v2\/media\/297712"}],"wp:attachment":[{"href":"https:\/\/www.diarioimagen.net\/index.php?rest_route=%2Fwp%2Fv2%2Fmedia&parent=297711"}],"wp:term":[{"taxonomy":"category","embeddable":true,"href":"https:\/\/www.diarioimagen.net\/index.php?rest_route=%2Fwp%2Fv2%2Fcategories&post=297711"},{"taxonomy":"post_tag","embeddable":true,"href":"https:\/\/www.diarioimagen.net\/index.php?rest_route=%2Fwp%2Fv2%2Ftags&post=297711"}],"curies":[{"name":"wp","href":"https:\/\/api.w.org\/{rel}","templated":true}]}}