{"id":297789,"date":"2016-11-09T00:14:37","date_gmt":"2016-11-09T06:14:37","guid":{"rendered":"http:\/\/www.diarioimagen.net\/?p=297789"},"modified":"2016-11-09T05:56:28","modified_gmt":"2016-11-09T11:56:28","slug":"el-chapo-impugna-fallo-sobre-extradicion-a-eu","status":"publish","type":"post","link":"https:\/\/www.diarioimagen.net\/?p=297789","title":{"rendered":"<em>El Chapo<\/em> impugna fallo sobre extradici\u00f3n a EU"},"content":{"rendered":"<ul>\n<li><strong><em>Gana seis meses m\u00e1s para que se haga efectiva extradici\u00f3n<\/em><\/strong><\/li>\n<\/ul>\n<p>&nbsp;<\/p>\n<div id=\"attachment_297863\" style=\"width: 470px\" class=\"wp-caption aligncenter\"><a href=\"http:\/\/www.diarioimagen.net\/?attachment_id=297863\" rel=\"attachment wp-att-297863\"><img loading=\"lazy\" decoding=\"async\" aria-describedby=\"caption-attachment-297863\" class=\"size-large wp-image-297863\" src=\"http:\/\/www.diarioimagen.net\/wp-content\/uploads\/2016\/11\/CHAPO-2993-460x259.jpg\" alt=\"Joaqu\u00edn \u201cEl Chapo\u201d Guzm\u00e1n gana seis meses m\u00e1s para que se dictamine su extradici\u00f3n.\" width=\"460\" height=\"259\" srcset=\"https:\/\/www.diarioimagen.net\/wp-content\/uploads\/2016\/11\/CHAPO-2993-460x259.jpg 460w, https:\/\/www.diarioimagen.net\/wp-content\/uploads\/2016\/11\/CHAPO-2993-240x135.jpg 240w, https:\/\/www.diarioimagen.net\/wp-content\/uploads\/2016\/11\/CHAPO-2993-235x132.jpg 235w, https:\/\/www.diarioimagen.net\/wp-content\/uploads\/2016\/11\/CHAPO-2993-202x114.jpg 202w, https:\/\/www.diarioimagen.net\/wp-content\/uploads\/2016\/11\/CHAPO-2993-350x196.jpg 350w, https:\/\/www.diarioimagen.net\/wp-content\/uploads\/2016\/11\/CHAPO-2993-220x123.jpg 220w, https:\/\/www.diarioimagen.net\/wp-content\/uploads\/2016\/11\/CHAPO-2993-237x132.jpg 237w, https:\/\/www.diarioimagen.net\/wp-content\/uploads\/2016\/11\/CHAPO-2993.jpg 480w\" sizes=\"auto, (max-width: 460px) 100vw, 460px\" \/><\/a><p id=\"caption-attachment-297863\" class=\"wp-caption-text\">Joaqu\u00edn \u201cEl Chapo\u201d Guzm\u00e1n gana seis meses m\u00e1s para que se dictamine su extradici\u00f3n.<\/p><\/div>\n<p>&nbsp;<\/p>\n<p>La bater\u00eda de abogados que defiende a Joaqu\u00edn \u201cEl Chapo\u201d Guzm\u00e1n logr\u00f3 que se habra un nuevo incidente en los tribunales, a fin de que se turne el caso de la extradici\u00f3n del \u201ccapo\u201d a Estados Unidos ahora a un tribunal colegiado, con lo cual ganan tiempo.<\/p>\n<p>El \u00e9xito consiste en que si se consuma la extradici\u00f3n a la Uni\u00f3n Americana se llevar\u00e1 m\u00e1s tiempo en decidirse, pues cuando menos \u201cEl Chapo\u201d gan\u00f3 seis meses m\u00e1s para que se dictamine su extradici\u00f3n.<\/p>\n<p>As\u00ed lo inform\u00f3 el abogado constitucionalista encargado de este segmento de su defensa, Jos\u00e9 Refugio Rodr\u00edguez, quien dio a conocer oficialmente la resoluci\u00f3n del Juzgado 13 de Distrito en Materia de Amparo Penal, consistente en que los recursos de amparo se remitir\u00e1n al tribunal colegiado para que confirme, revoque o modifique la sentencia de la extradici\u00f3n.<\/p>\n<p>Se invocaron diversos art\u00edculos de la Convenci\u00f3n Americana de Derechos Humanos, que obligan a la Suprema Corte de Justicia a realizar un replanteamiento acerca de los criterios jurisprudenciales en materia de extradici\u00f3n, pues \u00e9sta no fue solicitada por el embajador.<\/p>\n<p>Mientras que en los Estados Unidos ya avanz\u00f3 el Cuarto Proceso Superveniente ante la Corte Federal del Distrito Sur de California, sin que al extraditable se le despoje de sus derechos humanos y garant\u00edas que nuestra Constituci\u00f3n reconoce.<\/p>\n<p>Uno de los argumentos de los abogados, es que \u201cEl Chapo\u201d no puede ser extraditado a un pa\u00eds en donde la pena de muerte tiene vigencia y se le pudiera aplicar.<\/p>\n<p>Refugio Rodr\u00edgiuez acept\u00f3, que en efecto, se neg\u00f3 el amparo en dos de los cinco juicios, pero los tres restantes siguen vigentes, a\u00fan cuando se hayan sobrese\u00eddo.<\/p>\n<h3><\/h3>\n","protected":false},"excerpt":{"rendered":"<p>La bater\u00eda de abogados que defiende a Joaqu\u00edn \u201cEl Chapo\u201d Guzm\u00e1n logr\u00f3 que se habra un nuevo incidente en los tribunales, a fin de que se turne el caso de la extradici\u00f3n del \u201ccapo\u201d a Estados Unidos ahora a un tribunal colegiado, con lo cual ganan tiempo.<\/p>\n","protected":false},"author":3,"featured_media":297863,"comment_status":"open","ping_status":"open","sticky":false,"template":"","format":"standard","meta":{"_monsterinsights_skip_tracking":false,"_monsterinsights_sitenote_active":false,"_monsterinsights_sitenote_note":"","_monsterinsights_sitenote_category":0,"footnotes":""},"categories":[7],"tags":[6821,52248,2765],"class_list":["post-297789","post","type-post","status-publish","format-standard","has-post-thumbnail","hentry","category-seguridad","tag-extradicion","tag-impugna","tag-joaquin-el-chapo-guzman-loera"],"_links":{"self":[{"href":"https:\/\/www.diarioimagen.net\/index.php?rest_route=\/wp\/v2\/posts\/297789","targetHints":{"allow":["GET"]}}],"collection":[{"href":"https:\/\/www.diarioimagen.net\/index.php?rest_route=\/wp\/v2\/posts"}],"about":[{"href":"https:\/\/www.diarioimagen.net\/index.php?rest_route=\/wp\/v2\/types\/post"}],"author":[{"embeddable":true,"href":"https:\/\/www.diarioimagen.net\/index.php?rest_route=\/wp\/v2\/users\/3"}],"replies":[{"embeddable":true,"href":"https:\/\/www.diarioimagen.net\/index.php?rest_route=%2Fwp%2Fv2%2Fcomments&post=297789"}],"version-history":[{"count":0,"href":"https:\/\/www.diarioimagen.net\/index.php?rest_route=\/wp\/v2\/posts\/297789\/revisions"}],"wp:featuredmedia":[{"embeddable":true,"href":"https:\/\/www.diarioimagen.net\/index.php?rest_route=\/wp\/v2\/media\/297863"}],"wp:attachment":[{"href":"https:\/\/www.diarioimagen.net\/index.php?rest_route=%2Fwp%2Fv2%2Fmedia&parent=297789"}],"wp:term":[{"taxonomy":"category","embeddable":true,"href":"https:\/\/www.diarioimagen.net\/index.php?rest_route=%2Fwp%2Fv2%2Fcategories&post=297789"},{"taxonomy":"post_tag","embeddable":true,"href":"https:\/\/www.diarioimagen.net\/index.php?rest_route=%2Fwp%2Fv2%2Ftags&post=297789"}],"curies":[{"name":"wp","href":"https:\/\/api.w.org\/{rel}","templated":true}]}}