{"id":297802,"date":"2016-11-09T00:08:51","date_gmt":"2016-11-09T06:08:51","guid":{"rendered":"http:\/\/www.diarioimagen.net\/?p=297802"},"modified":"2016-11-09T05:59:14","modified_gmt":"2016-11-09T11:59:14","slug":"en-el-metro-se-atenderan-emergencias-cardiacas","status":"publish","type":"post","link":"https:\/\/www.diarioimagen.net\/?p=297802","title":{"rendered":"En el Metro se atender\u00e1n emergencias cardiacas"},"content":{"rendered":"<ul>\n<li><strong><em>Desfibriladores<\/em><\/strong><\/li>\n<\/ul>\n<p>&nbsp;<\/p>\n<div id=\"attachment_297866\" style=\"width: 470px\" class=\"wp-caption aligncenter\"><a href=\"http:\/\/www.diarioimagen.net\/?attachment_id=297866\" rel=\"attachment wp-att-297866\"><img loading=\"lazy\" decoding=\"async\" aria-describedby=\"caption-attachment-297866\" class=\"wp-image-297866 size-large\" src=\"http:\/\/www.diarioimagen.net\/wp-content\/uploads\/2016\/11\/METRO-2993-460x259.jpg\" alt=\"La ubicaci\u00f3n de los equipos se determin\u00f3 de acuerdo con el diagn\u00f3stico de incidencia que se ha presentado en el Metro; en 2015 hubo 51 casos; de los cuales 37 personas fueron trasladadas a hospitales y 14 fallecieron, y en lo que va de este a\u00f1o, se han presentado 38 y 14 respectivamente.\" width=\"460\" height=\"259\" srcset=\"https:\/\/www.diarioimagen.net\/wp-content\/uploads\/2016\/11\/METRO-2993-460x259.jpg 460w, https:\/\/www.diarioimagen.net\/wp-content\/uploads\/2016\/11\/METRO-2993-240x135.jpg 240w, https:\/\/www.diarioimagen.net\/wp-content\/uploads\/2016\/11\/METRO-2993-235x132.jpg 235w, https:\/\/www.diarioimagen.net\/wp-content\/uploads\/2016\/11\/METRO-2993-202x114.jpg 202w, https:\/\/www.diarioimagen.net\/wp-content\/uploads\/2016\/11\/METRO-2993-350x196.jpg 350w, https:\/\/www.diarioimagen.net\/wp-content\/uploads\/2016\/11\/METRO-2993-220x123.jpg 220w, https:\/\/www.diarioimagen.net\/wp-content\/uploads\/2016\/11\/METRO-2993-237x132.jpg 237w, https:\/\/www.diarioimagen.net\/wp-content\/uploads\/2016\/11\/METRO-2993.jpg 480w\" sizes=\"auto, (max-width: 460px) 100vw, 460px\" \/><\/a><p id=\"caption-attachment-297866\" class=\"wp-caption-text\">La ubicaci\u00f3n de los equipos se determin\u00f3 de acuerdo con el diagn\u00f3stico de incidencia que se ha presentado en el Metro; en 2015 hubo 51 casos; de los cuales 37 personas fueron trasladadas a hospitales y 14 fallecieron, y en lo que va de este a\u00f1o, se han presentado 38 y 14 respectivamente.<\/p><\/div>\n<p>&nbsp;<\/p>\n<p>El Sistema de Transporte Colectivo (STC) Metro entreg\u00f3 40 desfibriladores autom\u00e1ticos externos que ser\u00e1n instalados en cl\u00ednicas, talleres y 27 correspondencias de las l\u00edneas de este medio de transporte para atender emergencias cardiacas.<\/p>\n<p>El director general del STC Metro, Jorge Gavi\u00f1o Ambriz, resalt\u00f3 la importancia de estos aparatos para atender situaciones de urgencia, para lo cual se capacit\u00f3 al personal, como parte del programa \u201cSalvemos Vidas\u201d.<\/p>\n<p>Adem\u00e1s, entreg\u00f3 reconocimientos a elementos de la Polic\u00eda Bancaria e Industrial, auxiliar, jefe de estaci\u00f3n, y vigilante, personal del Metro que impidi\u00f3 que 16 personas atentaran contra su vida, del 10 de agosto a noviembre de 2016.<\/p>\n<p>A su vez, el gerente de Seguridad Institucional del STC Metro, Marco Antonio Mu\u00f1oz Valdez, destac\u00f3 que 27 de estos equipos ser\u00e1n instalados en igual n\u00famero de correspondencias de transbordo, en los cub\u00edculos de las estaciones, con personal de atenci\u00f3n de emergencia y se colocar\u00e1n se\u00f1alamientos del equipo para reanimaci\u00f3n cardiovascular.<\/p>\n<p>Afirm\u00f3 que en esta primera etapa, los equipos se instalar\u00e1n en estaciones como Tacuba, Centro M\u00e9dico y Bellas Artes; as\u00ed como en el veh\u00edculo de contacto.<\/p>\n<p>El resto se colocar\u00e1 en cl\u00ednicas y talleres del STC y la ubicaci\u00f3n se determin\u00f3 de acuerdo con el diagn\u00f3stico de incidencia que se ha presentado en el Metro; en 2015 hubo 51 casos; de los cuales 37 personas fueron trasladadas a hospitales y 14 fallecieron, y en lo que va de este a\u00f1o, se han presentado 38 y 14 respectivamente.<\/p>\n<p>Al respecto, la gerente de Salud y Bienestar del Metro, Jetzamin Guti\u00e9rrez Mu\u00f1oz, expuso que el paro cardiaco es un problema real y que en un sistema de transporte como \u00e9ste es importante contar con equipo que permita atender estos casos.<\/p>\n","protected":false},"excerpt":{"rendered":"<p>El Sistema de Transporte Colectivo (STC) Metro entreg\u00f3 40 desfibriladores autom\u00e1ticos externos que ser\u00e1n instalados en cl\u00ednicas, talleres y 27 correspondencias de las l\u00edneas de este medio de transporte para atender emergencias cardiacas.<\/p>\n","protected":false},"author":3,"featured_media":297866,"comment_status":"open","ping_status":"open","sticky":false,"template":"","format":"standard","meta":{"_monsterinsights_skip_tracking":false,"_monsterinsights_sitenote_active":false,"_monsterinsights_sitenote_note":"","_monsterinsights_sitenote_category":0,"footnotes":""},"categories":[6],"tags":[204,13050,163,43692],"class_list":["post-297802","post","type-post","status-publish","format-standard","has-post-thumbnail","hentry","category-cd-de-mexico","tag-ciudad-de-mexico","tag-emergencia","tag-metro","tag-salud"],"_links":{"self":[{"href":"https:\/\/www.diarioimagen.net\/index.php?rest_route=\/wp\/v2\/posts\/297802","targetHints":{"allow":["GET"]}}],"collection":[{"href":"https:\/\/www.diarioimagen.net\/index.php?rest_route=\/wp\/v2\/posts"}],"about":[{"href":"https:\/\/www.diarioimagen.net\/index.php?rest_route=\/wp\/v2\/types\/post"}],"author":[{"embeddable":true,"href":"https:\/\/www.diarioimagen.net\/index.php?rest_route=\/wp\/v2\/users\/3"}],"replies":[{"embeddable":true,"href":"https:\/\/www.diarioimagen.net\/index.php?rest_route=%2Fwp%2Fv2%2Fcomments&post=297802"}],"version-history":[{"count":0,"href":"https:\/\/www.diarioimagen.net\/index.php?rest_route=\/wp\/v2\/posts\/297802\/revisions"}],"wp:featuredmedia":[{"embeddable":true,"href":"https:\/\/www.diarioimagen.net\/index.php?rest_route=\/wp\/v2\/media\/297866"}],"wp:attachment":[{"href":"https:\/\/www.diarioimagen.net\/index.php?rest_route=%2Fwp%2Fv2%2Fmedia&parent=297802"}],"wp:term":[{"taxonomy":"category","embeddable":true,"href":"https:\/\/www.diarioimagen.net\/index.php?rest_route=%2Fwp%2Fv2%2Fcategories&post=297802"},{"taxonomy":"post_tag","embeddable":true,"href":"https:\/\/www.diarioimagen.net\/index.php?rest_route=%2Fwp%2Fv2%2Ftags&post=297802"}],"curies":[{"name":"wp","href":"https:\/\/api.w.org\/{rel}","templated":true}]}}