{"id":297890,"date":"2016-11-10T00:08:17","date_gmt":"2016-11-10T06:08:17","guid":{"rendered":"http:\/\/www.diarioimagen.net\/?p=297890"},"modified":"2016-11-10T07:13:54","modified_gmt":"2016-11-10T13:13:54","slug":"mexico-goza-de-estabilidad-macroeconomica-hacienda","status":"publish","type":"post","link":"https:\/\/www.diarioimagen.net\/?p=297890","title":{"rendered":"Sin cambio, la pol\u00edtica econ\u00f3mica: Hacienda"},"content":{"rendered":"<ul>\n<li><strong><em>Fortaleza y estabilidad macroecon\u00f3mica<\/em><\/strong><\/li>\n<\/ul>\n<p>&nbsp;<\/p>\n<div id=\"attachment_297891\" style=\"width: 470px\" class=\"wp-caption aligncenter\"><a href=\"http:\/\/www.diarioimagen.net\/?attachment_id=297891\" rel=\"attachment wp-att-297891\"><img loading=\"lazy\" decoding=\"async\" aria-describedby=\"caption-attachment-297891\" class=\"wp-image-297891 size-large\" src=\"http:\/\/www.diarioimagen.net\/wp-content\/uploads\/2016\/11\/HACIENDA10-portal-460x268.jpg\" alt=\"Jos\u00e9 Antonio Meade asegur\u00f3 que M\u00e9xico goza de estabilidad macroecon\u00f3mica para enfrentar un nuevo entorno tras el triunfo de Donald Trump.\" width=\"460\" height=\"268\" srcset=\"https:\/\/www.diarioimagen.net\/wp-content\/uploads\/2016\/11\/HACIENDA10-portal-460x268.jpg 460w, https:\/\/www.diarioimagen.net\/wp-content\/uploads\/2016\/11\/HACIENDA10-portal-240x140.jpg 240w, https:\/\/www.diarioimagen.net\/wp-content\/uploads\/2016\/11\/HACIENDA10-portal.jpg 480w\" sizes=\"auto, (max-width: 460px) 100vw, 460px\" \/><\/a><p id=\"caption-attachment-297891\" class=\"wp-caption-text\">Jos\u00e9 Antonio Meade asegur\u00f3 que M\u00e9xico goza de estabilidad macroecon\u00f3mica para enfrentar un nuevo entorno tras el triunfo de Donald Trump.<\/p><\/div>\n<p>&nbsp;<\/p>\n<p>El secretario de Hacienda, Jos\u00e9 Antonio Meade Kuribre\u00f1a, asegur\u00f3 que M\u00e9xico goza de estabilidad macroecon\u00f3mica y fortaleza para enfrentar los desaf\u00edos provenientes del exterior, como la transici\u00f3n de gobierno en Estados Unidos.<\/p>\n<p>\u201cM\u00e9xico est\u00e1 en una posici\u00f3n de fortaleza para enfrentar el nuevo entorno\u201d, derivado del proceso electoral de Estados Unidos, donde Donald Trump ser\u00e1 el nuevo presidente de Estados Unidos, lo que gener\u00f3 volatilidad en los mercados financieros e impact\u00f3 las variables econ\u00f3micas de M\u00e9xico, sobre todo el tipo de cambio, coment\u00f3.<\/p>\n<p>En una conferencia conjunta con el gobernador del Banco de M\u00e9xico (Banxico), Agust\u00edn Carstens, indic\u00f3 que nuestro pa\u00eds tiene una fortaleza fiscal, un manejo de deuda adecuado, cuenta con coberturas petroleras, una baja inflaci\u00f3n, reservas internacionales altas y una l\u00ednea de cr\u00e9dito flexible del Fondo Monetario Internacional (FMI), adem\u00e1s de las reformas estructurales.<\/p>\n<p>\u201cM\u00e9xico est\u00e1 en una posici\u00f3n de fortaleza para enfrentar el nuevo entorno\u201d, derivado del proceso electoral de Estados Unidos, donde Donald Trump ser\u00e1 el nuevo presidente de ese pa\u00eds, lo que gener\u00f3 volatilidad en los mercados financieros e impact\u00f3 las variables econ\u00f3micas de M\u00e9xico, sobre todo el tipo de cambio, como sucedi\u00f3 en otros pa\u00edses, coment\u00f3.<\/p>\n<p>Al respecto, el gobernador del Banco de M\u00e9xico, indic\u00f3 que tomar\u00e1 en cuenta la situaci\u00f3n externa para las decisiones de pol\u00edtica monetaria que su Junta de Gobierno, que sesionar\u00e1 la pr\u00f3xima semana, considere pertinentes para cumplir con su mandato prioritario de mantener una inflaci\u00f3n baja y estable.<\/p>\n<p>El secretario de Hacienda asegur\u00f3 que \u201cen efecto nuestro pa\u00eds goza de estabilidad macroecon\u00f3mica que se ha logrado a trav\u00e9s de muchos a\u00f1os de la aplicaci\u00f3n de pol\u00edticas fiscal y monetaria responsables, prudentes y oportunas y un sistema financiero bien capitalizado, solvente y sin problemas de liquidez\u201d.<\/p>\n<p>A\u00f1adi\u00f3 que el resultado de la elecci\u00f3n presidencial en Estados Unidos \u201cno implica un impacto inmediato en el marco normativo que regula el comercio de bienes y servicios, flujos financieros o la capacidad de las personas para viajar a otros pa\u00edses\u201d.<\/p>\n<p>Meade Kuribre\u00f1a destac\u00f3 que el funcionamiento de los mercados se mantiene ordenado y a\u00f1adi\u00f3 que la Comisi\u00f3n de Cambios est\u00e1 pendiente para analizar el comportamiento de los mercados y tomar las decisiones necesarias para evitar movimientos err\u00e1ticos del tipo de cambio que lleven a equilibrios indeseables.<\/p>\n<p>\u201cEl compromiso que hacen las autoridades del pa\u00eds es que en la medida en que se obtenga informaci\u00f3n adicional y estando vigilantes de nuestro entorno de mercado, se proceder\u00e1 a ajustar las pol\u00edticas fiscal, monetaria, financiera y comercial, buscando que se preserven los fundamentos macroecon\u00f3micos s\u00f3lidos, lo que es esencial para anclar el valor de nuestra moneda y para poder retomar y mantenernos en una senda de crecimiento econ\u00f3mico sostenido, con estabilidad financiera\u201d.<\/p>\n","protected":false},"excerpt":{"rendered":"<p>El secretario de Hacienda, Jos\u00e9 Antonio Meade Kuribre\u00f1a, asegur\u00f3 que M\u00e9xico goza de estabilidad macroecon\u00f3mica y fortaleza para enfrentar los desaf\u00edos provenientes del exterior, como la transici\u00f3n de gobierno en Estados Unidos.<\/p>\n","protected":false},"author":5,"featured_media":297891,"comment_status":"open","ping_status":"open","sticky":false,"template":"","format":"standard","meta":{"_monsterinsights_skip_tracking":false,"_monsterinsights_sitenote_active":false,"_monsterinsights_sitenote_note":"","_monsterinsights_sitenote_category":0,"footnotes":""},"categories":[8],"tags":[1521,41813,177,26429,26796,1101],"class_list":["post-297890","post","type-post","status-publish","format-standard","has-post-thumbnail","hentry","category-finanzas","tag-agustin-carstens","tag-donald-trump","tag-estados-unidos","tag-jose-antonio-meade-kuribrena","tag-macroeconomica","tag-secretaria-de-hacienda-y-credito-publico"],"_links":{"self":[{"href":"https:\/\/www.diarioimagen.net\/index.php?rest_route=\/wp\/v2\/posts\/297890","targetHints":{"allow":["GET"]}}],"collection":[{"href":"https:\/\/www.diarioimagen.net\/index.php?rest_route=\/wp\/v2\/posts"}],"about":[{"href":"https:\/\/www.diarioimagen.net\/index.php?rest_route=\/wp\/v2\/types\/post"}],"author":[{"embeddable":true,"href":"https:\/\/www.diarioimagen.net\/index.php?rest_route=\/wp\/v2\/users\/5"}],"replies":[{"embeddable":true,"href":"https:\/\/www.diarioimagen.net\/index.php?rest_route=%2Fwp%2Fv2%2Fcomments&post=297890"}],"version-history":[{"count":0,"href":"https:\/\/www.diarioimagen.net\/index.php?rest_route=\/wp\/v2\/posts\/297890\/revisions"}],"wp:featuredmedia":[{"embeddable":true,"href":"https:\/\/www.diarioimagen.net\/index.php?rest_route=\/wp\/v2\/media\/297891"}],"wp:attachment":[{"href":"https:\/\/www.diarioimagen.net\/index.php?rest_route=%2Fwp%2Fv2%2Fmedia&parent=297890"}],"wp:term":[{"taxonomy":"category","embeddable":true,"href":"https:\/\/www.diarioimagen.net\/index.php?rest_route=%2Fwp%2Fv2%2Fcategories&post=297890"},{"taxonomy":"post_tag","embeddable":true,"href":"https:\/\/www.diarioimagen.net\/index.php?rest_route=%2Fwp%2Fv2%2Ftags&post=297890"}],"curies":[{"name":"wp","href":"https:\/\/api.w.org\/{rel}","templated":true}]}}