{"id":297901,"date":"2016-11-09T19:00:12","date_gmt":"2016-11-10T01:00:12","guid":{"rendered":"http:\/\/www.diarioimagen.net\/?p=297901"},"modified":"2016-11-11T01:17:52","modified_gmt":"2016-11-11T07:17:52","slug":"el-edomex-trabaja-en-unidad-para-erradicar-la-violencia","status":"publish","type":"post","link":"https:\/\/www.diarioimagen.net\/?p=297901","title":{"rendered":"El Edomex trabaja en unidad para erradicar la violencia"},"content":{"rendered":"<ul>\n<li><em><strong>Reuni\u00f3n de Manzur con la CEM<\/strong><\/em><\/li>\n<\/ul>\n<p>&nbsp;<\/p>\n<div id=\"attachment_297902\" style=\"width: 470px\" class=\"wp-caption aligncenter\"><a href=\"http:\/\/www.diarioimagen.net\/?attachment_id=297902\" rel=\"attachment wp-att-297902\"><img loading=\"lazy\" decoding=\"async\" aria-describedby=\"caption-attachment-297902\" class=\"size-large wp-image-297902\" src=\"http:\/\/www.diarioimagen.net\/wp-content\/uploads\/2016\/11\/MANZUR10-portal-460x268.jpg\" alt=\"El secretario General de Gobierno, Jos\u00e9 Manzur Quiroga, se reuni\u00f3 con integrantes de la Conferencia del Episcopado Mexicano.\" width=\"460\" height=\"268\" srcset=\"https:\/\/www.diarioimagen.net\/wp-content\/uploads\/2016\/11\/MANZUR10-portal-460x268.jpg 460w, https:\/\/www.diarioimagen.net\/wp-content\/uploads\/2016\/11\/MANZUR10-portal-240x140.jpg 240w, https:\/\/www.diarioimagen.net\/wp-content\/uploads\/2016\/11\/MANZUR10-portal.jpg 480w\" sizes=\"auto, (max-width: 460px) 100vw, 460px\" \/><\/a><p id=\"caption-attachment-297902\" class=\"wp-caption-text\">El secretario General de Gobierno, Jos\u00e9 Manzur Quiroga, se reuni\u00f3 con integrantes de la Conferencia del Episcopado Mexicano.<\/p><\/div>\n<p>&nbsp;<\/p>\n<p><strong>Cuautitl\u00e1n Izcalli, Estado de M\u00e9xico.<\/strong>&#8211; Al reunirse con integrantes de la Conferencia del Episcopado Mexicano (CEM), el secretario General de Gobierno, Jos\u00e9 Manzur Quiroga se\u00f1al\u00f3 que el nuevo paradigma de la seguridad es que la sociedad en su conjunto participe en la detecci\u00f3n de los riesgos a los que est\u00e1n expuestos los ni\u00f1os y j\u00f3venes, ya que si de manera preventiva se enfrentan los primeros indicios de que se est\u00e1n apartando de un esquema de valores, se podr\u00e1 evitar que alguno llegue a convertirse en delincuente potencial.<\/p>\n<p>\u00abPartimos de la premisa de que el fen\u00f3meno de la inseguridad, debe ser abordado de otra manera. La violencia no puede ser atacada con m\u00e1s violencia, y en ese af\u00e1n, el rol de la iglesia al fomentar la unidad familiar y los valores es fundamental\u201d, afirm\u00f3.<\/p>\n<p>En el marco de la Cent\u00e9sima Segunda Asamblea Plenaria del CEM, exhort\u00f3 para que entre las diversas expresiones religiosas, el gobierno, las organizaciones no gubernamentales, los empresarios, los partidos pol\u00edticos, las comunidades acad\u00e9micas y las familias se sumen a esta tarea.<\/p>\n<p>En este sentido, Jos\u00e9 Manzur indic\u00f3 que se debe seguir trabajando en unidad, porque tenemos una misma misi\u00f3n: el bienestar de las familias mexicanas.<\/p>\n<p>\u201cLos invito a que sumemos esfuerzos para impulsar una gran cruzada por la recuperaci\u00f3n de los valores; debemos sembrar el respeto, la justicia, el amor, la tolerancia. Cuando hay familias unidas, hay sociedades unidas tambi\u00e9n\u201d, subray\u00f3.<\/p>\n","protected":false},"excerpt":{"rendered":"<p>Al reunirse con integrantes de la Conferencia del Episcopado Mexicano (CEM), el secretario General de Gobierno, Jos\u00e9 Manzur Quiroga se\u00f1al\u00f3 que el nuevo paradigma de la seguridad es que la sociedad en su conjunto participe en la detecci\u00f3n de los riesgos a los que est\u00e1n expuestos los ni\u00f1os y j\u00f3venes, ya que si de manera preventiva se enfrentan los primeros indicios de que se est\u00e1n apartando de un esquema de valores, se podr\u00e1 evitar que alguno llegue a convertirse en delincuente potencial.<\/p>\n","protected":false},"author":5,"featured_media":297902,"comment_status":"open","ping_status":"open","sticky":false,"template":"","format":"standard","meta":{"_monsterinsights_skip_tracking":false,"_monsterinsights_sitenote_active":false,"_monsterinsights_sitenote_note":"","_monsterinsights_sitenote_category":0,"footnotes":""},"categories":[35155],"tags":[11763,971,43675,29182,5066],"class_list":["post-297901","post","type-post","status-publish","format-standard","has-post-thumbnail","hentry","category-estado-de-mexico-estado-de-mexico","tag-conferencia-del-episcopado-mexicano","tag-cuautitlan-izcalli","tag-estado-de-mexico","tag-jose-manzur-quiroga","tag-violencia"],"_links":{"self":[{"href":"https:\/\/www.diarioimagen.net\/index.php?rest_route=\/wp\/v2\/posts\/297901","targetHints":{"allow":["GET"]}}],"collection":[{"href":"https:\/\/www.diarioimagen.net\/index.php?rest_route=\/wp\/v2\/posts"}],"about":[{"href":"https:\/\/www.diarioimagen.net\/index.php?rest_route=\/wp\/v2\/types\/post"}],"author":[{"embeddable":true,"href":"https:\/\/www.diarioimagen.net\/index.php?rest_route=\/wp\/v2\/users\/5"}],"replies":[{"embeddable":true,"href":"https:\/\/www.diarioimagen.net\/index.php?rest_route=%2Fwp%2Fv2%2Fcomments&post=297901"}],"version-history":[{"count":0,"href":"https:\/\/www.diarioimagen.net\/index.php?rest_route=\/wp\/v2\/posts\/297901\/revisions"}],"wp:featuredmedia":[{"embeddable":true,"href":"https:\/\/www.diarioimagen.net\/index.php?rest_route=\/wp\/v2\/media\/297902"}],"wp:attachment":[{"href":"https:\/\/www.diarioimagen.net\/index.php?rest_route=%2Fwp%2Fv2%2Fmedia&parent=297901"}],"wp:term":[{"taxonomy":"category","embeddable":true,"href":"https:\/\/www.diarioimagen.net\/index.php?rest_route=%2Fwp%2Fv2%2Fcategories&post=297901"},{"taxonomy":"post_tag","embeddable":true,"href":"https:\/\/www.diarioimagen.net\/index.php?rest_route=%2Fwp%2Fv2%2Ftags&post=297901"}],"curies":[{"name":"wp","href":"https:\/\/api.w.org\/{rel}","templated":true}]}}