{"id":297904,"date":"2016-11-10T00:08:02","date_gmt":"2016-11-10T06:08:02","guid":{"rendered":"http:\/\/www.diarioimagen.net\/?p=297904"},"modified":"2016-11-11T01:18:47","modified_gmt":"2016-11-11T07:18:47","slug":"apoyo-a-mexiquenses-que-viven-en-eu-eruviel-avila","status":"publish","type":"post","link":"https:\/\/www.diarioimagen.net\/?p=297904","title":{"rendered":"Apoyo a mexiquenses que viven en EU: Eruviel \u00c1vila"},"content":{"rendered":"<ul>\n<li><strong><em>Se destinar\u00e1 un mill\u00f3n de d\u00f3lares para respaldarlos en diferentes tr\u00e1mites<\/em><\/strong><\/li>\n<\/ul>\n<p>&nbsp;<\/p>\n<div id=\"attachment_297905\" style=\"width: 470px\" class=\"wp-caption aligncenter\"><a href=\"http:\/\/www.diarioimagen.net\/?attachment_id=297905\" rel=\"attachment wp-att-297905\"><img loading=\"lazy\" decoding=\"async\" aria-describedby=\"caption-attachment-297905\" class=\"wp-image-297905 size-large\" src=\"http:\/\/www.diarioimagen.net\/wp-content\/uploads\/2016\/11\/ERUVIEL10-portal-460x268.jpg\" alt=\"Al inaugurar el Congreso Exporta, el gobernador Eruviel \u00c1vila, expres\u00f3 a los migrantes mexiquenses que viven en EU que cuentan con el respaldo de la administraci\u00f3n estatal.\" width=\"460\" height=\"268\" srcset=\"https:\/\/www.diarioimagen.net\/wp-content\/uploads\/2016\/11\/ERUVIEL10-portal-460x268.jpg 460w, https:\/\/www.diarioimagen.net\/wp-content\/uploads\/2016\/11\/ERUVIEL10-portal-240x140.jpg 240w, https:\/\/www.diarioimagen.net\/wp-content\/uploads\/2016\/11\/ERUVIEL10-portal.jpg 480w\" sizes=\"auto, (max-width: 460px) 100vw, 460px\" \/><\/a><p id=\"caption-attachment-297905\" class=\"wp-caption-text\">Al inaugurar el Congreso Exporta, el gobernador Eruviel \u00c1vila expres\u00f3 a los migrantes mexiquenses que viven en EU, que cuentan con el respaldo de la administraci\u00f3n estatal.<\/p><\/div>\n<p>&nbsp;<\/p>\n<p><strong>Toluca, Estado de M\u00e9xico<\/strong>.- Luego de los comicios en Estados Unidos para elegir presidente de esa naci\u00f3n, el gobernador del Estado de M\u00e9xico, Eruviel \u00c1vila Villegas, expres\u00f3 su respeto a la decisi\u00f3n del pueblo norteamericano y anunci\u00f3 que, como coordinador de la Comisi\u00f3n de Asuntos Internacionales de la Conferencia Nacional de Gobernadores (Conago), habr\u00e1 de construir los puentes necesarios para garantizar los derechos de los paisanos y de los mexicanos que tienen actividades comerciales relacionadas con ese pa\u00eds.<\/p>\n<p>\u201cComo gobernador, como presidente de la Comisi\u00f3n de Asuntos Internacionales de la Conferencia Nacional de Gobernadores, habr\u00e9 de promover el respeto a la decisi\u00f3n de los estadounidenses, y me propongo tender los puentes y construir los puentes que sean necesarios, para que nuestros paisanos\u00a0 que residen all\u00e1, para que a quienes\u00a0 llevan a cabo actividades de importaci\u00f3n, de exportaci\u00f3n, como ustedes, les siga yendo todav\u00eda mucho mejor.<\/p>\n<p>\u201cNo est\u00e1n solas, no est\u00e1n solos, hay tratados internacionales, hay derechos humanos universales, que hay leyes, pero sobre todo que el presidente Pe\u00f1a Nieto, y que su amigo el gobernador estar\u00e1 muy pendiente de que sus derechos sean respetados\u201d, asegur\u00f3.<\/p>\n<p>Al inaugurar en Toluca el 11\u00ba Congreso Exporta, Eruviel \u00c1vila tambi\u00e9n anunci\u00f3 que el gobierno estatal destinar\u00e1 un mill\u00f3n de d\u00f3lares el pr\u00f3ximo a\u00f1o, para apoyar a los migrantes en diversos rubros, como asistencia y consultor\u00eda jur\u00eddica y el programa de Acci\u00f3n Diferida para los Llegados en la Infancia (DACA por sus siglas en ingl\u00e9s), para que los dreamers puedan seguir prepar\u00e1ndose acad\u00e9micamente. Esto a trav\u00e9s de las Casas Mexiquenses establecidas que se ubican en Chicago, Los \u00c1ngeles y Houston.<\/p>\n<p>Sostuvo que son tiempos de trabajar m\u00e1s fuerte y estar pendientes de los paisanos, por lo que adelant\u00f3 que en breve acudir\u00e1 a California para sostener un encuentro con migrantes mexiquenses.<\/p>\n<p>Por otra parte, al inaugurar el 11\u00ba Congreso Exporta, el gobernador mexiquense afirm\u00f3 que para que lleguen m\u00e1s inversiones al Edomex, se contin\u00faa trabajando en tres rubros: seguridad p\u00fablica para que tengan confianza de que pueden realizar sus actividades, infraestructura en materia de comunicaciones para mover sus productos y en mejora regulatoria para simplificar tr\u00e1mites necesarios para abrir un negocio.<\/p>\n","protected":false},"excerpt":{"rendered":"<p>Luego de los comicios en Estados Unidos para elegir presidente de esa naci\u00f3n, el gobernador del Estado de M\u00e9xico, Eruviel \u00c1vila Villegas, expres\u00f3 su respeto a la decisi\u00f3n del pueblo norteamericano y anunci\u00f3 que, como coordinador de la Comisi\u00f3n de Asuntos Internacionales de la Conferencia Nacional de Gobernadores (Conago), habr\u00e1 de construir los puentes necesarios para garantizar los derechos de los paisanos y de los mexicanos que tienen actividades comerciales relacionadas con ese pa\u00eds.<\/p>\n","protected":false},"author":5,"featured_media":297905,"comment_status":"open","ping_status":"open","sticky":false,"template":"","format":"standard","meta":{"_monsterinsights_skip_tracking":false,"_monsterinsights_sitenote_active":false,"_monsterinsights_sitenote_note":"","_monsterinsights_sitenote_category":0,"footnotes":""},"categories":[5],"tags":[4277,43675,4907,452],"class_list":["post-297904","post","type-post","status-publish","format-standard","has-post-thumbnail","hentry","category-estado-de-mexico","tag-conago","tag-estado-de-mexico","tag-sat","tag-toluca"],"_links":{"self":[{"href":"https:\/\/www.diarioimagen.net\/index.php?rest_route=\/wp\/v2\/posts\/297904","targetHints":{"allow":["GET"]}}],"collection":[{"href":"https:\/\/www.diarioimagen.net\/index.php?rest_route=\/wp\/v2\/posts"}],"about":[{"href":"https:\/\/www.diarioimagen.net\/index.php?rest_route=\/wp\/v2\/types\/post"}],"author":[{"embeddable":true,"href":"https:\/\/www.diarioimagen.net\/index.php?rest_route=\/wp\/v2\/users\/5"}],"replies":[{"embeddable":true,"href":"https:\/\/www.diarioimagen.net\/index.php?rest_route=%2Fwp%2Fv2%2Fcomments&post=297904"}],"version-history":[{"count":0,"href":"https:\/\/www.diarioimagen.net\/index.php?rest_route=\/wp\/v2\/posts\/297904\/revisions"}],"wp:featuredmedia":[{"embeddable":true,"href":"https:\/\/www.diarioimagen.net\/index.php?rest_route=\/wp\/v2\/media\/297905"}],"wp:attachment":[{"href":"https:\/\/www.diarioimagen.net\/index.php?rest_route=%2Fwp%2Fv2%2Fmedia&parent=297904"}],"wp:term":[{"taxonomy":"category","embeddable":true,"href":"https:\/\/www.diarioimagen.net\/index.php?rest_route=%2Fwp%2Fv2%2Fcategories&post=297904"},{"taxonomy":"post_tag","embeddable":true,"href":"https:\/\/www.diarioimagen.net\/index.php?rest_route=%2Fwp%2Fv2%2Ftags&post=297904"}],"curies":[{"name":"wp","href":"https:\/\/api.w.org\/{rel}","templated":true}]}}