{"id":297930,"date":"2016-11-09T20:00:18","date_gmt":"2016-11-10T02:00:18","guid":{"rendered":"http:\/\/www.diarioimagen.net\/?p=297930"},"modified":"2016-11-11T01:18:03","modified_gmt":"2016-11-11T07:18:03","slug":"destaca-eruviel-avila-trabajo-en-equipo-con-la-cruz-roja","status":"publish","type":"post","link":"https:\/\/www.diarioimagen.net\/?p=297930","title":{"rendered":"Destaca Eruviel \u00c1vila trabajo en equipo con la Cruz Roja"},"content":{"rendered":"<ul>\n<li><strong>Para reducir mortandad por enfermedades<\/strong><\/li>\n<\/ul>\n<p>&nbsp;<\/p>\n<div id=\"attachment_297931\" style=\"width: 470px\" class=\"wp-caption aligncenter\"><a href=\"http:\/\/www.diarioimagen.net\/?attachment_id=297931\" rel=\"attachment wp-att-297931\"><img loading=\"lazy\" decoding=\"async\" aria-describedby=\"caption-attachment-297931\" class=\"size-large wp-image-297931\" src=\"http:\/\/www.diarioimagen.net\/wp-content\/uploads\/2016\/11\/CruzRoja-Eruviel-PORTAL-460x268.jpg\" alt=\"Eruviel \u00c1vila y Jos\u00e9 Narro, durante la inauguraci\u00f3n del 49 Congreso Nacional de la Cruz Roja, que se lleva a cabo del 9 al 11 de noviembre en Edomex.\" width=\"460\" height=\"268\" srcset=\"https:\/\/www.diarioimagen.net\/wp-content\/uploads\/2016\/11\/CruzRoja-Eruviel-PORTAL-460x268.jpg 460w, https:\/\/www.diarioimagen.net\/wp-content\/uploads\/2016\/11\/CruzRoja-Eruviel-PORTAL-240x140.jpg 240w, https:\/\/www.diarioimagen.net\/wp-content\/uploads\/2016\/11\/CruzRoja-Eruviel-PORTAL.jpg 480w\" sizes=\"auto, (max-width: 460px) 100vw, 460px\" \/><\/a><p id=\"caption-attachment-297931\" class=\"wp-caption-text\">Eruviel \u00c1vila y Jos\u00e9 Narro, durante la inauguraci\u00f3n del 49 Congreso Nacional de la Cruz Roja, que se lleva a cabo del 9 al 11 de noviembre en Edomex.<\/p><\/div>\n<p>&nbsp;<\/p>\n<p><strong>Zinacantepec, Estado de M\u00e9xico<\/strong>.-\u00a0El gobernador Eruviel \u00c1vila Villegas destac\u00f3 que producto del trabajo en equipo entre el sector salud mexiquense y la Cruz Roja Mexicana, en los \u00faltimos tres a\u00f1os se han logrado disminuir los \u00edndices de mortalidad materna en un 30 por ciento; por c\u00e1ncer en mujeres en un 10 por ciento, y de menores de 5 a\u00f1os por enfermedades respiratorias agudas en un 77 por ciento.<\/p>\n<p>Durante la inauguraci\u00f3n del 49 Congreso Nacional de la Cruz Roja, que se lleva a cabo del 9 al 11 de noviembre en la entidad, que cont\u00f3 con la participaci\u00f3n del secretario de Salud del Gobierno de la Rep\u00fablica, Jos\u00e9 Narro Robles, y acompa\u00f1ado por Isis \u00c1vila Mu\u00f1oz, presidenta honoraria del DIF estatal y de la Cruz Roja en la entidad, el gobernador mexiquense puso a disposici\u00f3n de las delegaciones de la benem\u00e9rita instituci\u00f3n en entidades vecinas, la infraestructura del sector salud del Estado de M\u00e9xico para brindar atenci\u00f3n en casos de emergencia.<\/p>\n<p>\u201cQuiero darle las gracias formalmente a la Cruz Roja, especialmente a la Cruz Roja del Estado de M\u00e9xico, porque nos han ayudado a brindar el valor m\u00e1s preciado que podemos tener que es la salud, nos han ayudado, efectivamente, con m\u00e1s de 250 mil consultas, muchas gracias; quiero poner a su disposici\u00f3n, de ser necesario, si alguna delegaci\u00f3n estatal, de otro estado requiere de alguno de los especialistas o de la infraestructura que tenemos, podremos generar los convenios para poderles apoyar\u201d, afirm\u00f3.<\/p>\n<p>Por su parte, el secretario de Salud, Jos\u00e9 Narro se\u00f1al\u00f3 que a trav\u00e9s del impulso que el gobernador Eruviel \u00c1vila otorga a la educaci\u00f3n, a la creaci\u00f3n de infraestructura vial u hospitalaria, en la entidad se han articulado pol\u00edticas p\u00fablicas exitosas, que mejoran la calidad de vida de las personas y se entregan buenos resultados.<\/p>\n<p>Asimismo, dijo que durante este congreso las voluntarias y voluntarios de la Cruz Roja de todo el pa\u00eds fortalecer\u00e1n las labores de auxilio que realizan en beneficio de quienes requieren sus servicios o son v\u00edctimas de alg\u00fan accidente.<\/p>\n<p>Fernando Suinaga, presidente nacional de la Cruz Roja Mexicana, inform\u00f3 que en este congreso se establecer\u00e1n las bases del\u00a0 Plan Estrat\u00e9gico de esta organizaci\u00f3n 2016-2020, el cual contempla tres l\u00edneas estrat\u00e9gicas: socorros, salud e inclusi\u00f3n social, trabajo, el cual estar\u00e1 dirigido a las comunidades y a evitar riesgos entre las poblaciones ante emergencias o desastres naturales, prevenci\u00f3n de accidentes o enfermedades cr\u00f3nicas.<\/p>\n<p>Asimismo entreg\u00f3 un reconocimiento y la medalla \u201cDistinci\u00f3n Humanitaria\u201d al gobernador Eruviel \u00c1vila y a Isis \u00c1vila Mu\u00f1oz por el apoyo otorgado en la actual administraci\u00f3n.<\/p>\n<p>En el evento estuvieron presentes el coordinador nacional de Protecci\u00f3n Civil, Luis Felipe Puente Espinoza y representantes de la Cruz Roja de Argentina, Colombia, Ecuador, Panam\u00e1, Suiza y Surinam.<\/p>\n","protected":false},"excerpt":{"rendered":"<p>El gobernador Eruviel \u00c1vila Villegas destac\u00f3 que producto del trabajo en equipo entre el sector salud mexiquense y la Cruz Roja Mexicana, en los \u00faltimos tres a\u00f1os se han logrado disminuir los \u00edndices de mortalidad materna en un 30 por ciento; por c\u00e1ncer en mujeres en un 10 por ciento, y de menores de 5 a\u00f1os por enfermedades respiratorias agudas en un 77 por ciento.<\/p>\n","protected":false},"author":5,"featured_media":297931,"comment_status":"open","ping_status":"open","sticky":false,"template":"","format":"standard","meta":{"_monsterinsights_skip_tracking":false,"_monsterinsights_sitenote_active":false,"_monsterinsights_sitenote_note":"","_monsterinsights_sitenote_category":0,"footnotes":""},"categories":[35155],"tags":[919,43675,28207,571,184],"class_list":["post-297930","post","type-post","status-publish","format-standard","has-post-thumbnail","hentry","category-estado-de-mexico-estado-de-mexico","tag-cruz-roja","tag-estado-de-mexico","tag-isis-avila-munoz","tag-jose-narro-robles","tag-zinacantepec"],"_links":{"self":[{"href":"https:\/\/www.diarioimagen.net\/index.php?rest_route=\/wp\/v2\/posts\/297930","targetHints":{"allow":["GET"]}}],"collection":[{"href":"https:\/\/www.diarioimagen.net\/index.php?rest_route=\/wp\/v2\/posts"}],"about":[{"href":"https:\/\/www.diarioimagen.net\/index.php?rest_route=\/wp\/v2\/types\/post"}],"author":[{"embeddable":true,"href":"https:\/\/www.diarioimagen.net\/index.php?rest_route=\/wp\/v2\/users\/5"}],"replies":[{"embeddable":true,"href":"https:\/\/www.diarioimagen.net\/index.php?rest_route=%2Fwp%2Fv2%2Fcomments&post=297930"}],"version-history":[{"count":0,"href":"https:\/\/www.diarioimagen.net\/index.php?rest_route=\/wp\/v2\/posts\/297930\/revisions"}],"wp:featuredmedia":[{"embeddable":true,"href":"https:\/\/www.diarioimagen.net\/index.php?rest_route=\/wp\/v2\/media\/297931"}],"wp:attachment":[{"href":"https:\/\/www.diarioimagen.net\/index.php?rest_route=%2Fwp%2Fv2%2Fmedia&parent=297930"}],"wp:term":[{"taxonomy":"category","embeddable":true,"href":"https:\/\/www.diarioimagen.net\/index.php?rest_route=%2Fwp%2Fv2%2Fcategories&post=297930"},{"taxonomy":"post_tag","embeddable":true,"href":"https:\/\/www.diarioimagen.net\/index.php?rest_route=%2Fwp%2Fv2%2Ftags&post=297930"}],"curies":[{"name":"wp","href":"https:\/\/api.w.org\/{rel}","templated":true}]}}