{"id":297968,"date":"2016-11-10T00:08:05","date_gmt":"2016-11-10T06:08:05","guid":{"rendered":"http:\/\/www.diarioimagen.net\/?p=297968"},"modified":"2016-11-10T06:46:16","modified_gmt":"2016-11-10T12:46:16","slug":"garantizan-derechos-de-los-paisanos","status":"publish","type":"post","link":"https:\/\/www.diarioimagen.net\/?p=297968","title":{"rendered":"Garantizan derechos de los paisanos"},"content":{"rendered":"<h2>Arco Norte<\/h2>\n<h5>Jos\u00e9 Luis Monta\u00f1ez Aguilar<\/h5>\n<p>&nbsp;<\/p>\n<p><a href=\"http:\/\/www.diarioimagen.net\/?attachment_id=297969\" rel=\"attachment wp-att-297969\"><img loading=\"lazy\" decoding=\"async\" class=\"aligncenter size-large wp-image-297969\" src=\"http:\/\/www.diarioimagen.net\/wp-content\/uploads\/2016\/11\/arco-2994-460x259.jpg\" alt=\"arco-2994\" width=\"460\" height=\"259\" srcset=\"https:\/\/www.diarioimagen.net\/wp-content\/uploads\/2016\/11\/arco-2994-460x259.jpg 460w, https:\/\/www.diarioimagen.net\/wp-content\/uploads\/2016\/11\/arco-2994-240x135.jpg 240w, https:\/\/www.diarioimagen.net\/wp-content\/uploads\/2016\/11\/arco-2994-235x132.jpg 235w, https:\/\/www.diarioimagen.net\/wp-content\/uploads\/2016\/11\/arco-2994-202x114.jpg 202w, https:\/\/www.diarioimagen.net\/wp-content\/uploads\/2016\/11\/arco-2994-350x196.jpg 350w, https:\/\/www.diarioimagen.net\/wp-content\/uploads\/2016\/11\/arco-2994-220x123.jpg 220w, https:\/\/www.diarioimagen.net\/wp-content\/uploads\/2016\/11\/arco-2994-237x132.jpg 237w, https:\/\/www.diarioimagen.net\/wp-content\/uploads\/2016\/11\/arco-2994.jpg 480w\" sizes=\"auto, (max-width: 460px) 100vw, 460px\" \/><\/a><\/p>\n<p>&nbsp;<\/p>\n<p>El gobernador Eruviel \u00c1vila expres\u00f3 su respeto a la decisi\u00f3n del pueblo estadounidense y anunci\u00f3 que, como coordinador de la Comisi\u00f3n de Asuntos Internacionales de la Conferencia Nacional de Gobernadores (Conago), construir\u00e1 los puentes necesarios para garantizar los derechos de los paisanos y de los mexicanos que tienen actividades comerciales relacionadas con ese pa\u00eds.<\/p>\n<p>Lo anterior, al inaugurar el 11\u00ba Congreso Exporta, donde Eruviel \u00c1vila tambi\u00e9n anunci\u00f3 que el gobierno mexiquense destinar\u00e1 un mill\u00f3n de d\u00f3lares el pr\u00f3ximo a\u00f1o, para apoyar a los migrantes en diversos temas, como asistencia y consultor\u00eda jur\u00eddica y el programa de Acci\u00f3n Diferida para los Llegados en la Infancia, para que los \u201cdreamers\u201d puedan seguir prepar\u00e1ndose acad\u00e9micamente. Adelant\u00f3 que en breve acudir\u00e1 a California para sostener un encuentro con migrantes mexiquenses.<\/p>\n<p>Respecto al Congreso afirm\u00f3 que para que lleguen m\u00e1s inversiones al Estado de M\u00e9xico, se contin\u00faa trabajando en: seguridad p\u00fablica, infraestructura en comunicaciones y en mejora regulatoria. Adem\u00e1s, Eruviel \u00c1vila afirm\u00f3 que los gobiernos deben ser aliados de los empresarios, ya que son ellos quienes generan empleos, y destac\u00f3 que de acuerdo con el Registro Nacional de Inversiones Extranjeras de la Secretar\u00eda de Econom\u00eda, de 2011 a 2016, el Edomex se encuentra en segundo lugar a nivel nacional, en inversi\u00f3n extranjera directa.<\/p>\n<p style=\"text-align: center;\"><b>El Edomex trabaja en unidad para erradicar la violencia<\/b><\/p>\n<p>Al reunirse con integrantes de la Conferencia del Episcopado Mexicano (CEM), el secretario general de Gobierno, Jos\u00e9 Manzur Quiroga, se\u00f1al\u00f3 que el nuevo paradigma de la seguridad es que la sociedad en su conjunto participe en la detecci\u00f3n de los riesgos a los que est\u00e1n expuestos los ni\u00f1os y j\u00f3venes, ya que si de manera preventiva se enfrentan los primeros indicios de que se est\u00e1n apartando de un esquema de valores, se podr\u00e1 evitar que alguno llegue a convertirse en delincuente potencial.<\/p>\n<p>En el marco de la Cent\u00e9sima Segunda Asamblea Plenaria del CEM, exhort\u00f3 para que entre las diversas expresiones religiosas, el gobierno, las organizaciones no gubernamentales, los empresarios, los partidos pol\u00edticos, las comunidades acad\u00e9micas y las familias se sumen a esta tarea.<\/p>\n<p><a href=\"mailto: montanezaguilar@gmail.com\" target=\"_blank\"><em>montanezaguilar@gmail.com<\/em><\/a><\/p>\n","protected":false},"excerpt":{"rendered":"<p><span style=\"color: #005497;\"><strong>Jos\u00e9 Luis Monta\u00f1ez Aguilar<\/strong><\/span><br \/>\n<\/p>\n<p>El gobernador Eruviel \u00c1vila expres\u00f3 su respeto a la decisi\u00f3n del pueblo estadounidense y anunci\u00f3 que, como coordinador de la Comisi\u00f3n de Asuntos Internacionales de la Conferencia Nacional de Gobernadores (Conago), construir\u00e1 los puentes necesarios para garantizar los derechos de los paisanos y de los mexicanos que tienen actividades comerciales relacionadas con ese pa\u00eds.<\/p>\n","protected":false},"author":1,"featured_media":297969,"comment_status":"open","ping_status":"open","sticky":false,"template":"","format":"standard","meta":{"_monsterinsights_skip_tracking":false,"_monsterinsights_sitenote_active":false,"_monsterinsights_sitenote_note":"","_monsterinsights_sitenote_category":0,"footnotes":""},"categories":[5],"tags":[13284,43675,54579],"class_list":["post-297968","post","type-post","status-publish","format-standard","has-post-thumbnail","hentry","category-estado-de-mexico","tag-arco-norte","tag-estado-de-mexico","tag-jose-luis-montanez"],"_links":{"self":[{"href":"https:\/\/www.diarioimagen.net\/index.php?rest_route=\/wp\/v2\/posts\/297968","targetHints":{"allow":["GET"]}}],"collection":[{"href":"https:\/\/www.diarioimagen.net\/index.php?rest_route=\/wp\/v2\/posts"}],"about":[{"href":"https:\/\/www.diarioimagen.net\/index.php?rest_route=\/wp\/v2\/types\/post"}],"author":[{"embeddable":true,"href":"https:\/\/www.diarioimagen.net\/index.php?rest_route=\/wp\/v2\/users\/1"}],"replies":[{"embeddable":true,"href":"https:\/\/www.diarioimagen.net\/index.php?rest_route=%2Fwp%2Fv2%2Fcomments&post=297968"}],"version-history":[{"count":0,"href":"https:\/\/www.diarioimagen.net\/index.php?rest_route=\/wp\/v2\/posts\/297968\/revisions"}],"wp:featuredmedia":[{"embeddable":true,"href":"https:\/\/www.diarioimagen.net\/index.php?rest_route=\/wp\/v2\/media\/297969"}],"wp:attachment":[{"href":"https:\/\/www.diarioimagen.net\/index.php?rest_route=%2Fwp%2Fv2%2Fmedia&parent=297968"}],"wp:term":[{"taxonomy":"category","embeddable":true,"href":"https:\/\/www.diarioimagen.net\/index.php?rest_route=%2Fwp%2Fv2%2Fcategories&post=297968"},{"taxonomy":"post_tag","embeddable":true,"href":"https:\/\/www.diarioimagen.net\/index.php?rest_route=%2Fwp%2Fv2%2Ftags&post=297968"}],"curies":[{"name":"wp","href":"https:\/\/api.w.org\/{rel}","templated":true}]}}