{"id":297990,"date":"2016-11-10T00:09:52","date_gmt":"2016-11-10T06:09:52","guid":{"rendered":"http:\/\/www.diarioimagen.net\/?p=297990"},"modified":"2016-11-11T03:01:40","modified_gmt":"2016-11-11T09:01:40","slug":"crimenes-macabros","status":"publish","type":"post","link":"https:\/\/www.diarioimagen.net\/?p=297990","title":{"rendered":"Cr\u00edmenes macabros"},"content":{"rendered":"<h2>\u00cdndice pol\u00edtico<\/h2>\n<h5>Francisco Rodr\u00edguez<\/h5>\n<p>&nbsp;<\/p>\n<div id=\"attachment_297991\" style=\"width: 470px\" class=\"wp-caption aligncenter\"><a href=\"http:\/\/www.diarioimagen.net\/?attachment_id=297991\" rel=\"attachment wp-att-297991\"><img loading=\"lazy\" decoding=\"async\" aria-describedby=\"caption-attachment-297991\" class=\"size-large wp-image-297991\" src=\"http:\/\/www.diarioimagen.net\/wp-content\/uploads\/2016\/11\/veracruz-saqueado-LUIS-XAVIER-2994-460x357.jpg\" alt=\"Veracruz saqueado... | Luis Xavier\" width=\"460\" height=\"357\" srcset=\"https:\/\/www.diarioimagen.net\/wp-content\/uploads\/2016\/11\/veracruz-saqueado-LUIS-XAVIER-2994-460x357.jpg 460w, https:\/\/www.diarioimagen.net\/wp-content\/uploads\/2016\/11\/veracruz-saqueado-LUIS-XAVIER-2994-240x186.jpg 240w, https:\/\/www.diarioimagen.net\/wp-content\/uploads\/2016\/11\/veracruz-saqueado-LUIS-XAVIER-2994-768x596.jpg 768w, https:\/\/www.diarioimagen.net\/wp-content\/uploads\/2016\/11\/veracruz-saqueado-LUIS-XAVIER-2994.jpg 1200w\" sizes=\"auto, (max-width: 460px) 100vw, 460px\" \/><\/a><p id=\"caption-attachment-297991\" class=\"wp-caption-text\">Veracruz saqueado&#8230; | Luis Xavier<\/p><\/div>\n<p>&nbsp;<\/p>\n<p>La lucha de las normales rurales en defensa de la tierra y el agua de sus comunidades ha sido ejemplar. Igual, su oposici\u00f3n a intervenciones externas y cacicazgos de todo tipo en el campo y las ciudades colindantes. Su formaci\u00f3n escolar, cercana a los principios originales los impele a enfrentarse a los explotadores.<\/p>\n<p>No fue pura coincidencia que tanto Genaro V\u00e1zquez como Lucio Caba\u00f1as hayan sido dirigentes ic\u00f3nicos de la Federaci\u00f3n de Estudiantes de las Normales Rurales, cuando todav\u00eda se defend\u00edan los emblemas y los postulados hoy en desuso, por capricho de gobernantes que nunca han entendido de la defensa de las causas populares y s\u00f3lo se dedican a sus moches y canonj\u00edas.<\/p>\n<p>Esa tradici\u00f3n combativa es la que ha permeado la preparaci\u00f3n de los j\u00f3venes en la escuela Isidro Burgos, de La Monta\u00f1a, de Ayotzinapa, en Guerrero. Sus maestros est\u00e1n cerca de las necesidades de la gente, y les han transmitido las bases de esa formaci\u00f3n. A los funcionarios\u00a0no les pueden transmitir nada, porque a lo mejor ni leer saben.<\/p>\n<p style=\"text-align: center;\"><b>Por oro y titanio, canadienses \u201cjoden\u201d a los guerrerenses<\/b><\/p>\n<p>Por eso, cuando los alumnos supieron que las empresas mineras trasnacionales hac\u00edan su agosto, arrasando con los derechos elementales a los bienes de subsistencia, abrazaron la bandera popular. Una de las empresas canadienses, la Blackfire Exploration aprovechaba la concesi\u00f3n gubernamental del oro, para lastimar a las comunidades serranas.<\/p>\n<p>Sucede que, al tiempo que exploraba las inmensas posibilidades de los dep\u00f3sitos aur\u00edferos, la canadiense ubicaba las fant\u00e1sticas vetas de titanio, sin parar en ning\u00fan derecho o prerrogativa comunitaria, el mineral del futuro, que se cotiza en los mercados internacionales a 25 d\u00f3lares por kilogramo, en bruto.<\/p>\n<p>El titanio es estrat\u00e9gico para la industria de la telefon\u00eda celular, armamentista, aeron\u00e1utica, naval, ingenier\u00eda nuclear y para todas las ramas proveedoras de equipamiento de alta tecnolog\u00eda. Ayotzinapa, adem\u00e1s, est\u00e1 ubicada en el centro de la franja del pa\u00eds que produce cobre, plata, molibdeno y plomo. Tambi\u00e9n es una de las mayores vetas de titanio y uranio del continente.<\/p>\n<p>De la misma manera en que usted y yo comentamos hace dos a\u00f1os de la barbarie cometida por el colt\u00e1n contra la poblaci\u00f3n del Congo africano. Cada vez nos unen m\u00e1s desgracias.<\/p>\n<p style=\"text-align: center;\"><b>El Ej\u00e9rcito garantiza seguridad a las empresas mineras<\/b><\/p>\n<p>Obviamente, las fuerzas armadas, guardianes de los enormes intereses trasnacionales, est\u00e1n llamadas a reprimir todas las inconformidades sociales que se expresen en las regiones vecinas, que abarcan los estados de Jalisco, Colima, Michoac\u00e1n, Oaxaca y Guerrero, en el cual, Iguala es el nudo estrat\u00e9gico de las comunicaciones en esa monta\u00f1a.<\/p>\n<p>Los operativos mililitares\u00a0<i>Yunque<\/i>\u00a0y\u00a0<i>Martillo<\/i>\u00a0se dise\u00f1aron espec\u00edficamente para eso. El Batall\u00f3n de Infanter\u00eda de la 27a. Zona Militar, con asiento en Iguala, gira alrededor de una estrategia guerrera y represiva que obedece a garantizar la tranquilidad de las compa\u00f1\u00edas que se dedican a chupar nuestros vientres.<\/p>\n<p style=\"text-align: center;\"><b>Iguala, el verdadero rostro\u00a0<\/b><b>de la corrupci\u00f3n y la rapi\u00f1a\u00a0<\/b><\/p>\n<p>Cuando los periodistas Francisco Cruz, F\u00e9lix Santana y Miguel \u00c1ngel Alvarado persiguieron la pista de las mineras en el esclarecimiento de la masacre de Ayotzinapa, descubrieron una de las pistas m\u00e1s s\u00f3lidas acerca de la participaci\u00f3n de las fuerzas armadas y organismos de inteligencia nacionales que le ha dado la vuelta al mundo.<\/p>\n<p>Las investigaciones de los tres periodistas, honra y prez de esta profesi\u00f3n, se agregan a las indagaciones certeras que han encontrado en los entrambuliques de la lucha por las plazas de la droga y la amapola negra, de alta calidad de exportaci\u00f3n y enorme costo en el mercado estadounidense, las verdaderas causas de esa cat\u00e1strofe social que ense\u00f1\u00f3 al mundo el verdadero rostro de la corrupci\u00f3n y la rapi\u00f1a.<\/p>\n<p style=\"text-align: center;\"><b>Sa\u00f1a inaudita en el\u00a0<\/b><b>desollamiento de un\u00a0<\/b><b>normalista ejemplar<\/b><\/p>\n<p>El ejemplo de la tortura, desollamiento y asesinato de un estudiante ejemplar de Ayotzinapa, Julio C\u00e9sar Mondrag\u00f3n Fontes, es desgarrador. El \u00fanico cad\u00e1ver que se encontr\u00f3 tras la noche macabra. Golpeado, pero vivo, Mondrag\u00f3n fue objeto de un corte quir\u00fargico debajo del pecho, en forma de gota&#8230;&#8230; que arranc\u00f3 la piel, dejando al descubierto m\u00fasculos y huesos, separando la carne del cuello y mand\u00edbula rotas, orejas machacadas y nariz desintegrada.<\/p>\n<p>Algo que no pueden hacer sicarios asesinos, sino expertos cirujanos encargados de dejar un mensaje de terror hacia los c\u00e1rteles que se peleaban la plaza de Iguala.<\/p>\n<p>La CNDH concluy\u00f3 que el rostro de Mondrag\u00f3n fue desfigurado al ser devorado por los perros de Iguala.(!) Y suscribi\u00f3 el cuento de que hab\u00eda sido ultimado por sicarios porque era l\u00edder de \u201cLos Rojos\u201d que, frente a \u201cGuerreros Unidos\u201d se disputaban la supremac\u00eda del control de la amapola en esa regi\u00f3n guerrerense.<\/p>\n<p style=\"text-align: center;\"><b>El celular secuestrado durante meses por la Defensa Nacional<\/b><\/p>\n<p>Pero dejaron un cabo suelto: el tel\u00e9fono celular LG L9, con n\u00famero (747)1493586. En el aparato se recibieron 31 llamadas en el per\u00edodo comprendido del 26 de septiembre de 2014 \u2014cuya noche macabra dif\u00edcilmente ser\u00e1 olvidada\u2014 al 4 de abril del 2015. El seguimiento de las comunicaciones llev\u00f3 al Campo Militar N\u00famero Uno, de la Ciudad de M\u00e9xico, y a las instalaciones federales del Cisen.<\/p>\n<p>Siete meses durante los cuales, el celular de Mondrag\u00f3n Fontes fue utilizado como carne de presa, seg\u00fan Sedena, que no hab\u00eda entregado el aparato a la PGR, \u201cpara investigar a los contactos de los mafiosos\u201d (?). A mayor abundamiento, algunas se\u00f1ales del cad\u00e1ver del joven normalista llevaron a los investigadores al recinto de la Jefatura de Zona Militar en Iguala.<\/p>\n<p style=\"text-align: center;\"><b>Agentes del Cisen,\u00a0<\/b><b>\u00a0\u00bfinvolucrados con los mafiosos?<\/b><\/p>\n<p>Una de las llamadas hechas por el Cisen el 17 de octubre del 2014 al celular de Mondrag\u00f3n, revel\u00f3 que hab\u00eda salido de una ubicaci\u00f3n \u201ca 50 metros de la puerta localizada entre las calles de Nogales y Ferrocarril de Cuernavaca, delegaci\u00f3n Magdalena Contreras en el DF\u201d, sitio exacto de la sede del Cisen de la Secretar\u00eda de Gobernaci\u00f3n.<\/p>\n<p>Como se observa f\u00e1cilmente, es demasiado dif\u00edcil desligar a las fuerzas armadas y a los aparatos de inteligencia de la masacre de Ayotzinapa. Definitivamente, se trata de un crimen en el que todos cometieron graves il\u00edcitos de lesa humanidad.<\/p>\n<p>Un crimen que no cerrar\u00e1 mientras los familiares de los 43 desaparecidos y los tres ejecutados vivan y exijan cuentas claras.<\/p>\n<p style=\"text-align: center;\"><b>Ligas con la mafia<\/b><\/p>\n<p>Las l\u00edneas de investigaci\u00f3n sostenidas desde aqu\u00ed, con usted, est\u00e1n m\u00e1s vigentes que nunca: la incineraci\u00f3n de los cuerpos y arrojar los cuerpos a los tiburones.<\/p>\n<p>El m\u00f3vil de los sucesos sigue dividido en dos.<\/p>\n<p>La represi\u00f3n en nombre de los intereses mineros trasnacionales y la eliminaci\u00f3n de testigos inc\u00f3modos en el trasiego de la car\u00edsima amapola negra, \u201cla chiva\u201d, que usted y yo comentamos desde el d\u00eda siguiente a la noche macabra de Ayotzinapa.<\/p>\n<p>Cualquiera de los dos, es altamente incriminatorio, toda vez que en innumerables ocasiones se ha se\u00f1alado el involucramiento de los\u00a0funcionarios\u00a0 con los narcotraficantes de toda estofa.<\/p>\n<p>Una de las m\u00e1s sangrientas pel\u00edculas de horror.<\/p>\n<p>\u00bfUsted, por cu\u00e1l l\u00ednea de investigaci\u00f3n se pronuncia?<\/p>\n<p><b><i>\u00cdndice Flam\u00edgero<\/i><\/b>: Sin militancia en partido pol\u00edtico alguno, postulado por una treintena de organizaciones de la sociedad civil \u2014acad\u00e9micas y hasta period\u00edsticas\u2014 registr\u00f3 su candidatura al cargo de fiscal Anticorrupci\u00f3n el magistrado presidente del Tribunal Federal de Justicia Administrativa Manuel Hallivis Pelayo, quien por su trayectoria cuenta con mayores posibilidades que la candidata propuesta al Senado por el PAN y el PRD. + + + \u201cY cuando despertamos, Donald Trump estaba ah\u00ed&#8230;\u201d, nos dice don Alfredo \u00c1lvarez Barr\u00f3n. Y\u00a0<i>El Poeta del Nopal<\/i>, su\u00a0<i>alter ego<\/i>, nos receta: \u201cCon el lazo en el cogote, \/ advierto un futuro vil: \/ William Clinton sin mandil \/ e Hillary sin garrote; \/ la g\u00fcera pelos de elote \/ cedi\u00f3 de forma humillante, \/ el hijo del inmigrante \/ reafirma sus amenazas \/ y nos condena a las brasas \/ \u00a1en el infierno de Dante!\u201d. El propio don Alfredo remata: \u201cAhora s\u00ed van a saber los panistas de golpe en pecho quien es el verdadero peligro para M\u00e9xico. \u00a1Que Dios nos agarre confesados!\u201d. + + + Los grandes perdedores de la jornada del 8 de noviembre en EU son Margarita Zavala<i>;\u00a0<\/i>Claudia Ruiz Massieu; Marcelo Ebrard, las\u00a0 senadoras que se retrataron con una playera publicitando a la se\u00f1ora Rodham Clinton. Y, como dec\u00eda el locutor, \u201ca\u00fan hay m\u00e1s\u201d.<\/p>\n<p><em><a href=\"http:\/\/www.indicepolitico.com\/\" target=\"_blank\">www.indicepolitico.com<\/a><\/em><br \/>\n<em><a href=\"mailto:pacorodriguez@journalist.com\" target=\"_blank\">pacorodriguez@journalist.com<\/a><\/em><br \/>\n<a href=\"https:\/\/twitter.com\/pacorodriguez\" target=\"_blank\">@pacorodriguez<\/a><\/p>\n","protected":false},"excerpt":{"rendered":"<p><span style=\"color: #005497;\"><strong>Francisco Rodr\u00edguez<\/strong><\/span><br \/>\n<br \/>\nLa lucha de las normales rurales en defensa de la tierra y el agua de sus comunidades ha sido ejemplar. Igual, su oposici\u00f3n a intervenciones externas y cacicazgos de todo tipo en el campo y las ciudades colindantes. Su formaci\u00f3n escolar, cercana a los principios originales los impele a enfrentarse a los explotadores.<\/p>\n","protected":false},"author":1,"featured_media":297991,"comment_status":"open","ping_status":"open","sticky":false,"template":"","format":"standard","meta":{"_monsterinsights_skip_tracking":false,"_monsterinsights_sitenote_active":false,"_monsterinsights_sitenote_note":"","_monsterinsights_sitenote_category":0,"footnotes":""},"categories":[549],"tags":[43689,550,43674],"class_list":["post-297990","post","type-post","status-publish","format-standard","has-post-thumbnail","hentry","category-francisco-rodriguez","tag-francisco-rodriguez","tag-indice-politico","tag-opinion"],"_links":{"self":[{"href":"https:\/\/www.diarioimagen.net\/index.php?rest_route=\/wp\/v2\/posts\/297990","targetHints":{"allow":["GET"]}}],"collection":[{"href":"https:\/\/www.diarioimagen.net\/index.php?rest_route=\/wp\/v2\/posts"}],"about":[{"href":"https:\/\/www.diarioimagen.net\/index.php?rest_route=\/wp\/v2\/types\/post"}],"author":[{"embeddable":true,"href":"https:\/\/www.diarioimagen.net\/index.php?rest_route=\/wp\/v2\/users\/1"}],"replies":[{"embeddable":true,"href":"https:\/\/www.diarioimagen.net\/index.php?rest_route=%2Fwp%2Fv2%2Fcomments&post=297990"}],"version-history":[{"count":0,"href":"https:\/\/www.diarioimagen.net\/index.php?rest_route=\/wp\/v2\/posts\/297990\/revisions"}],"wp:featuredmedia":[{"embeddable":true,"href":"https:\/\/www.diarioimagen.net\/index.php?rest_route=\/wp\/v2\/media\/297991"}],"wp:attachment":[{"href":"https:\/\/www.diarioimagen.net\/index.php?rest_route=%2Fwp%2Fv2%2Fmedia&parent=297990"}],"wp:term":[{"taxonomy":"category","embeddable":true,"href":"https:\/\/www.diarioimagen.net\/index.php?rest_route=%2Fwp%2Fv2%2Fcategories&post=297990"},{"taxonomy":"post_tag","embeddable":true,"href":"https:\/\/www.diarioimagen.net\/index.php?rest_route=%2Fwp%2Fv2%2Ftags&post=297990"}],"curies":[{"name":"wp","href":"https:\/\/api.w.org\/{rel}","templated":true}]}}