{"id":298047,"date":"2016-11-10T00:06:04","date_gmt":"2016-11-10T06:06:04","guid":{"rendered":"http:\/\/www.diarioimagen.net\/?p=298047"},"modified":"2016-11-10T08:22:34","modified_gmt":"2016-11-10T14:22:34","slug":"simulacro-en-huixquilucan-para-mejorar-en-contingencias","status":"publish","type":"post","link":"https:\/\/www.diarioimagen.net\/?p=298047","title":{"rendered":"Simulacro en Huixquilucan para mejorar en contingencias"},"content":{"rendered":"<ul>\n<li><em><strong>En instalaciones del Palacio Municipal<\/strong><\/em><\/li>\n<\/ul>\n<p>&nbsp;<\/p>\n<div id=\"attachment_298080\" style=\"width: 470px\" class=\"wp-caption aligncenter\"><a href=\"http:\/\/www.diarioimagen.net\/?attachment_id=298080\" rel=\"attachment wp-att-298080\"><img loading=\"lazy\" decoding=\"async\" aria-describedby=\"caption-attachment-298080\" class=\"size-large wp-image-298080\" src=\"http:\/\/www.diarioimagen.net\/wp-content\/uploads\/2016\/11\/HUIXQUILUCAN-2994-460x259.jpg\" alt=\"Se llev\u00f3 a cabo un simulacro de sismo con un lesionado en las instalaciones del Palacio Municipal de Huixquilucan.\" width=\"460\" height=\"259\" srcset=\"https:\/\/www.diarioimagen.net\/wp-content\/uploads\/2016\/11\/HUIXQUILUCAN-2994-460x259.jpg 460w, https:\/\/www.diarioimagen.net\/wp-content\/uploads\/2016\/11\/HUIXQUILUCAN-2994-240x135.jpg 240w, https:\/\/www.diarioimagen.net\/wp-content\/uploads\/2016\/11\/HUIXQUILUCAN-2994-235x132.jpg 235w, https:\/\/www.diarioimagen.net\/wp-content\/uploads\/2016\/11\/HUIXQUILUCAN-2994-202x114.jpg 202w, https:\/\/www.diarioimagen.net\/wp-content\/uploads\/2016\/11\/HUIXQUILUCAN-2994-350x196.jpg 350w, https:\/\/www.diarioimagen.net\/wp-content\/uploads\/2016\/11\/HUIXQUILUCAN-2994-220x123.jpg 220w, https:\/\/www.diarioimagen.net\/wp-content\/uploads\/2016\/11\/HUIXQUILUCAN-2994-237x132.jpg 237w, https:\/\/www.diarioimagen.net\/wp-content\/uploads\/2016\/11\/HUIXQUILUCAN-2994.jpg 480w\" sizes=\"auto, (max-width: 460px) 100vw, 460px\" \/><\/a><p id=\"caption-attachment-298080\" class=\"wp-caption-text\">Se llev\u00f3 a cabo un simulacro de sismo con un lesionado en las instalaciones del Palacio Municipal de Huixquilucan.<\/p><\/div>\n<p>&nbsp;<\/p>\n<p><strong>Huixqulucan, Estado de M\u00e9xico<\/strong>.- El gobierno local, a trav\u00e9s de la coordinaci\u00f3n de Protecci\u00f3n Civil, llev\u00f3 a cabo un simulacro de sismo con un lesionado en las instalaciones del Palacio Municipal, con la finalidad de evaluar los tiempos de respuesta de los cuerpos de emergencia y mejorar su desempe\u00f1o ante alguna contingencia.<\/p>\n<p>El coordinador de Protecci\u00f3n Civil, Alfredo Guti\u00e9rrez, inform\u00f3 que la instrucci\u00f3n del presidente municipal, Enrique Vargas del Villar, es contar con elementos capacitados para enfrentar cualquier situaci\u00f3n de emergencia.<\/p>\n<p>El funcionario destac\u00f3 que para la realizaci\u00f3n de este simulacro, los cuerpos de emergencia no tuvieron aviso previo, toda vez que se trat\u00f3 de una medida cuyo objetivo fue evaluar el tiempo de respuesta de los elementos para atender una contingencia.<\/p>\n<p>\u201cEn esta ocasi\u00f3n adem\u00e1s de poner atenci\u00f3n al tiempo en que se evacua un inmueble, pusimos especial atenci\u00f3n en el tiempo en que llegaron los rescatistas y bomberos al lugar del siniestro\u201d, resalt\u00f3 Alfredo Guti\u00e9rrez.<\/p>\n<p>Durante el ejercicio se evacuaron a 116 personas que se encontraban en la sede del Palacio Municipal en un tiempo de 1 minuto 45 segundos y la primera unidad que lleg\u00f3 al lugar tard\u00f3 dos minutos desde que se realiz\u00f3 la llamada de emergencia.<\/p>\n<p>El simulacro fue evaluado por personal de Protecci\u00f3n Civil del Estado de M\u00e9xico quienes tras ver las maniobras realizadas por los elementos de Huixquilucan, emitieron comentarios positivos sobre esta actividad.<\/p>\n<p>Tras llevar cabo la evacuaci\u00f3n del Palacio Municipal, se atendi\u00f3 a una persona lesionada que se encontraba dentro del inmueble, adem\u00e1s de cerciorarse que el edificio no hab\u00eda sufrido da\u00f1o alguno.<\/p>\n<p>Asimismo, el personal de Protecci\u00f3n Civil de Huixquilucan, agradeci\u00f3 al alcalde Enrique Vargas del Villar, el equipo adquirido para los rescatistas, ya que por primera vez en casi una d\u00e9cada cuentan con equipo profesional para desempe\u00f1ar su trabajo.<\/p>\n<p>&nbsp;<\/p>\n","protected":false},"excerpt":{"rendered":"<p>El gobierno local, a trav\u00e9s de la coordinaci\u00f3n de Protecci\u00f3n Civil, llev\u00f3 a cabo un simulacro de sismo con un lesionado en las instalaciones del Palacio Municipal, con la finalidad de evaluar los tiempos de respuesta de los cuerpos de emergencia y mejorar su desempe\u00f1o ante alguna contingencia.<\/p>\n","protected":false},"author":3,"featured_media":298080,"comment_status":"open","ping_status":"open","sticky":false,"template":"","format":"standard","meta":{"_monsterinsights_skip_tracking":false,"_monsterinsights_sitenote_active":false,"_monsterinsights_sitenote_note":"","_monsterinsights_sitenote_category":0,"footnotes":""},"categories":[35155],"tags":[16796,43675,45886],"class_list":["post-298047","post","type-post","status-publish","format-standard","has-post-thumbnail","hentry","category-estado-de-mexico-estado-de-mexico","tag-contingencia","tag-estado-de-mexico","tag-huixqulucan"],"_links":{"self":[{"href":"https:\/\/www.diarioimagen.net\/index.php?rest_route=\/wp\/v2\/posts\/298047","targetHints":{"allow":["GET"]}}],"collection":[{"href":"https:\/\/www.diarioimagen.net\/index.php?rest_route=\/wp\/v2\/posts"}],"about":[{"href":"https:\/\/www.diarioimagen.net\/index.php?rest_route=\/wp\/v2\/types\/post"}],"author":[{"embeddable":true,"href":"https:\/\/www.diarioimagen.net\/index.php?rest_route=\/wp\/v2\/users\/3"}],"replies":[{"embeddable":true,"href":"https:\/\/www.diarioimagen.net\/index.php?rest_route=%2Fwp%2Fv2%2Fcomments&post=298047"}],"version-history":[{"count":0,"href":"https:\/\/www.diarioimagen.net\/index.php?rest_route=\/wp\/v2\/posts\/298047\/revisions"}],"wp:featuredmedia":[{"embeddable":true,"href":"https:\/\/www.diarioimagen.net\/index.php?rest_route=\/wp\/v2\/media\/298080"}],"wp:attachment":[{"href":"https:\/\/www.diarioimagen.net\/index.php?rest_route=%2Fwp%2Fv2%2Fmedia&parent=298047"}],"wp:term":[{"taxonomy":"category","embeddable":true,"href":"https:\/\/www.diarioimagen.net\/index.php?rest_route=%2Fwp%2Fv2%2Fcategories&post=298047"},{"taxonomy":"post_tag","embeddable":true,"href":"https:\/\/www.diarioimagen.net\/index.php?rest_route=%2Fwp%2Fv2%2Ftags&post=298047"}],"curies":[{"name":"wp","href":"https:\/\/api.w.org\/{rel}","templated":true}]}}