{"id":298049,"date":"2016-11-10T00:05:03","date_gmt":"2016-11-10T06:05:03","guid":{"rendered":"http:\/\/www.diarioimagen.net\/?p=298049"},"modified":"2016-11-10T08:13:05","modified_gmt":"2016-11-10T14:13:05","slug":"conferencia-en-tultepec-sobre-prevencion-del-delito","status":"publish","type":"post","link":"https:\/\/www.diarioimagen.net\/?p=298049","title":{"rendered":"Conferencia en Tultepec sobre prevenci\u00f3n del delito"},"content":{"rendered":"<p><a href=\"http:\/\/www.diarioimagen.net\/?attachment_id=298083\" rel=\"attachment wp-att-298083\"><img loading=\"lazy\" decoding=\"async\" class=\"aligncenter size-large wp-image-298083\" src=\"http:\/\/www.diarioimagen.net\/wp-content\/uploads\/2016\/11\/TULTEPEC-2994-460x259.jpg\" alt=\"tultepec-2994\" width=\"460\" height=\"259\" srcset=\"https:\/\/www.diarioimagen.net\/wp-content\/uploads\/2016\/11\/TULTEPEC-2994-460x259.jpg 460w, https:\/\/www.diarioimagen.net\/wp-content\/uploads\/2016\/11\/TULTEPEC-2994-240x135.jpg 240w, https:\/\/www.diarioimagen.net\/wp-content\/uploads\/2016\/11\/TULTEPEC-2994-235x132.jpg 235w, https:\/\/www.diarioimagen.net\/wp-content\/uploads\/2016\/11\/TULTEPEC-2994-202x114.jpg 202w, https:\/\/www.diarioimagen.net\/wp-content\/uploads\/2016\/11\/TULTEPEC-2994-350x196.jpg 350w, https:\/\/www.diarioimagen.net\/wp-content\/uploads\/2016\/11\/TULTEPEC-2994-220x123.jpg 220w, https:\/\/www.diarioimagen.net\/wp-content\/uploads\/2016\/11\/TULTEPEC-2994-237x132.jpg 237w, https:\/\/www.diarioimagen.net\/wp-content\/uploads\/2016\/11\/TULTEPEC-2994.jpg 480w\" sizes=\"auto, (max-width: 460px) 100vw, 460px\" \/><\/a><\/p>\n<p>&nbsp;<\/p>\n<p><strong>Tultepec, Estado de M\u00e9xico.-<\/strong> La Direcci\u00f3n de Seguridad Ciudadana y Tr\u00e1nsito Municipal llev\u00f3 a cabo la conferencia Prevenir es Mejor, dirigida a directores de planteles de todos los niveles acad\u00e9micos, desde preescolar hasta nivel superior, en la Universidad Mexiquense del Bicentenario (UMB) plantel Tultepec.<\/p>\n<p>En cumplimiento a un acuerdo firmado durante la Segunda Sesi\u00f3n del Comit\u00e9 de Seguridad Escolar, celebrada el 6 de octubre, Miguel \u00c1ngel Ruiz Ram\u00edrez, titular\u00a0 del \u00e1rea de Prevenci\u00f3n del Delito de la Comisar\u00eda de Seguridad P\u00fablica y Tr\u00e1nsito Municipal, se encarg\u00f3 de impartir la ponencia a fin de generar comit\u00e9s de vigilancia en los planteles, junto con maestros y padres de familia.<\/p>\n","protected":false},"excerpt":{"rendered":"<p>La Direcci\u00f3n de Seguridad Ciudadana y Tr\u00e1nsito Municipal llev\u00f3 a cabo la conferencia Prevenir es Mejor, dirigida a directores de planteles de todos los niveles acad\u00e9micos, desde preescolar hasta nivel superior, en la Universidad Mexiquense del Bicentenario (UMB) plantel Tultepec.<\/p>\n","protected":false},"author":3,"featured_media":298083,"comment_status":"open","ping_status":"open","sticky":false,"template":"","format":"standard","meta":{"_monsterinsights_skip_tracking":false,"_monsterinsights_sitenote_active":false,"_monsterinsights_sitenote_note":"","_monsterinsights_sitenote_category":0,"footnotes":""},"categories":[35155],"tags":[43675,3802,4168],"class_list":["post-298049","post","type-post","status-publish","format-standard","has-post-thumbnail","hentry","category-estado-de-mexico-estado-de-mexico","tag-estado-de-mexico","tag-tultepec","tag-universidad-mexiquense-del-bicentenario"],"_links":{"self":[{"href":"https:\/\/www.diarioimagen.net\/index.php?rest_route=\/wp\/v2\/posts\/298049","targetHints":{"allow":["GET"]}}],"collection":[{"href":"https:\/\/www.diarioimagen.net\/index.php?rest_route=\/wp\/v2\/posts"}],"about":[{"href":"https:\/\/www.diarioimagen.net\/index.php?rest_route=\/wp\/v2\/types\/post"}],"author":[{"embeddable":true,"href":"https:\/\/www.diarioimagen.net\/index.php?rest_route=\/wp\/v2\/users\/3"}],"replies":[{"embeddable":true,"href":"https:\/\/www.diarioimagen.net\/index.php?rest_route=%2Fwp%2Fv2%2Fcomments&post=298049"}],"version-history":[{"count":0,"href":"https:\/\/www.diarioimagen.net\/index.php?rest_route=\/wp\/v2\/posts\/298049\/revisions"}],"wp:featuredmedia":[{"embeddable":true,"href":"https:\/\/www.diarioimagen.net\/index.php?rest_route=\/wp\/v2\/media\/298083"}],"wp:attachment":[{"href":"https:\/\/www.diarioimagen.net\/index.php?rest_route=%2Fwp%2Fv2%2Fmedia&parent=298049"}],"wp:term":[{"taxonomy":"category","embeddable":true,"href":"https:\/\/www.diarioimagen.net\/index.php?rest_route=%2Fwp%2Fv2%2Fcategories&post=298049"},{"taxonomy":"post_tag","embeddable":true,"href":"https:\/\/www.diarioimagen.net\/index.php?rest_route=%2Fwp%2Fv2%2Ftags&post=298049"}],"curies":[{"name":"wp","href":"https:\/\/api.w.org\/{rel}","templated":true}]}}