{"id":298053,"date":"2016-11-10T00:03:09","date_gmt":"2016-11-10T06:03:09","guid":{"rendered":"http:\/\/www.diarioimagen.net\/?p=298053"},"modified":"2016-11-10T08:15:12","modified_gmt":"2016-11-10T14:15:12","slug":"ofertan-mas-de-mil-vacantes-para-jovenes-en-tlalnepantla","status":"publish","type":"post","link":"https:\/\/www.diarioimagen.net\/?p=298053","title":{"rendered":"Ofertan m\u00e1s de mil vacantes para j\u00f3venes en Tlalnepantla"},"content":{"rendered":"<ul>\n<li><strong><em>Feria de Empleo para J\u00f3venes<\/em><\/strong><\/li>\n<\/ul>\n<p>&nbsp;<\/p>\n<div id=\"attachment_298089\" style=\"width: 470px\" class=\"wp-caption aligncenter\"><a href=\"http:\/\/www.diarioimagen.net\/?attachment_id=298089\" rel=\"attachment wp-att-298089\"><img loading=\"lazy\" decoding=\"async\" aria-describedby=\"caption-attachment-298089\" class=\"size-large wp-image-298089\" src=\"http:\/\/www.diarioimagen.net\/wp-content\/uploads\/2016\/11\/TLALNEPANTLA-2994-460x259.jpg\" alt=\"La alcaldesa Denisse Ugalde Alegr\u00eda inaugur\u00f3 la Feria de Empleo para J\u00f3venes, en la que se ofertaron m\u00e1s de mil vacantes.\" width=\"460\" height=\"259\" srcset=\"https:\/\/www.diarioimagen.net\/wp-content\/uploads\/2016\/11\/TLALNEPANTLA-2994-460x259.jpg 460w, https:\/\/www.diarioimagen.net\/wp-content\/uploads\/2016\/11\/TLALNEPANTLA-2994-240x135.jpg 240w, https:\/\/www.diarioimagen.net\/wp-content\/uploads\/2016\/11\/TLALNEPANTLA-2994-235x132.jpg 235w, https:\/\/www.diarioimagen.net\/wp-content\/uploads\/2016\/11\/TLALNEPANTLA-2994-202x114.jpg 202w, https:\/\/www.diarioimagen.net\/wp-content\/uploads\/2016\/11\/TLALNEPANTLA-2994-350x196.jpg 350w, https:\/\/www.diarioimagen.net\/wp-content\/uploads\/2016\/11\/TLALNEPANTLA-2994-220x123.jpg 220w, https:\/\/www.diarioimagen.net\/wp-content\/uploads\/2016\/11\/TLALNEPANTLA-2994-237x132.jpg 237w, https:\/\/www.diarioimagen.net\/wp-content\/uploads\/2016\/11\/TLALNEPANTLA-2994.jpg 480w\" sizes=\"auto, (max-width: 460px) 100vw, 460px\" \/><\/a><p id=\"caption-attachment-298089\" class=\"wp-caption-text\">La alcaldesa Denisse Ugalde Alegr\u00eda inaugur\u00f3 la Feria de Empleo para J\u00f3venes, en la que se ofertaron m\u00e1s de mil vacantes.<\/p><\/div>\n<p>&nbsp;<\/p>\n<p><strong>Tlalnepantla, Estado de M\u00e9xico<\/strong>.- Al inaugurar la Feria de Empleo para J\u00f3venes, en la que se ofertaron m\u00e1s de mil vacantes, la alcaldesa Denisse Ugalde Alegr\u00eda reiter\u00f3 el compromiso que esta administraci\u00f3n tiene con la juventud para generarles mayores oportunidades de desarrollo y vincularlos con el sector empresarial.<\/p>\n<p>\u201cHoy con esta tercera feria de empleo seguimos avanzando para cumplir la meta que nos hemos trazado: ser un puente eficiente entre las universidades y las empresas, promover la competitividad y garantizar a este sector de la poblaci\u00f3n un crecimiento integral\u201d, apunt\u00f3 Ugalde Alegr\u00eda.<\/p>\n<p>Ante la secretaria del Trabajo en el Estado de M\u00e9xico, Alejandra del Moral Vela, la presidenta municipal agradeci\u00f3 la estrecha comunicaci\u00f3n que esta dependencia mantiene con el gobierno local, para impulsar pol\u00edticas p\u00fablicas encaminadas a beneficiar a los j\u00f3venes que representan casi el 30 por ciento de la poblaci\u00f3n.<\/p>\n<p>Reconoci\u00f3 la disposici\u00f3n de las 120 empresas que participaron en esta jornada laboral, ya que su contribuci\u00f3n ha sido fundamental para que en lo que va de esta administraci\u00f3n se hayan generado cerca de 2 mil 600 empleos formales, dignos y con todas las prestaciones de ley.<\/p>\n<p>Por su parte, Alejandra del Moral resalt\u00f3 la disposici\u00f3n de la alcaldesa para sumar esfuerzos con el gobierno estatal y de esta manera procurar a los j\u00f3venes un empleo bien remunerado, lo que repercutir\u00e1 en una mejor calidad de vida.<\/p>\n<p>\u201cLos j\u00f3venes lo \u00fanico que necesitamos es una oportunidad, que se nos abra un espacio para demostrar que la juventud no est\u00e1 peleada con la capacidad y mucho menos con la responsabilidad. Y hoy los tres \u00f3rdenes de gobierno estamos generando esa apertura para los tlalnepantlenses\u201d, refiri\u00f3 la secretaria estatal.<\/p>\n<p>Exhort\u00f3 a los asistentes para que contin\u00faen capacit\u00e1ndose, ya que, dijo, la preparaci\u00f3n es la puerta para un mejor futuro y mayor prosperidad para ellos mismos y sus familias.<\/p>\n<p>&nbsp;<\/p>\n","protected":false},"excerpt":{"rendered":"<p>Al inaugurar la Feria de Empleo para J\u00f3venes, en la que se ofertaron m\u00e1s de mil vacantes, la alcaldesa Denisse Ugalde Alegr\u00eda reiter\u00f3 el compromiso que esta administraci\u00f3n tiene con la juventud para generarles mayores oportunidades de desarrollo y vincularlos con el sector empresarial.<\/p>\n","protected":false},"author":3,"featured_media":298089,"comment_status":"open","ping_status":"open","sticky":false,"template":"","format":"standard","meta":{"_monsterinsights_skip_tracking":false,"_monsterinsights_sitenote_active":false,"_monsterinsights_sitenote_note":"","_monsterinsights_sitenote_category":0,"footnotes":""},"categories":[35155],"tags":[43675,169],"class_list":["post-298053","post","type-post","status-publish","format-standard","has-post-thumbnail","hentry","category-estado-de-mexico-estado-de-mexico","tag-estado-de-mexico","tag-tlalnepantla"],"_links":{"self":[{"href":"https:\/\/www.diarioimagen.net\/index.php?rest_route=\/wp\/v2\/posts\/298053","targetHints":{"allow":["GET"]}}],"collection":[{"href":"https:\/\/www.diarioimagen.net\/index.php?rest_route=\/wp\/v2\/posts"}],"about":[{"href":"https:\/\/www.diarioimagen.net\/index.php?rest_route=\/wp\/v2\/types\/post"}],"author":[{"embeddable":true,"href":"https:\/\/www.diarioimagen.net\/index.php?rest_route=\/wp\/v2\/users\/3"}],"replies":[{"embeddable":true,"href":"https:\/\/www.diarioimagen.net\/index.php?rest_route=%2Fwp%2Fv2%2Fcomments&post=298053"}],"version-history":[{"count":0,"href":"https:\/\/www.diarioimagen.net\/index.php?rest_route=\/wp\/v2\/posts\/298053\/revisions"}],"wp:featuredmedia":[{"embeddable":true,"href":"https:\/\/www.diarioimagen.net\/index.php?rest_route=\/wp\/v2\/media\/298089"}],"wp:attachment":[{"href":"https:\/\/www.diarioimagen.net\/index.php?rest_route=%2Fwp%2Fv2%2Fmedia&parent=298053"}],"wp:term":[{"taxonomy":"category","embeddable":true,"href":"https:\/\/www.diarioimagen.net\/index.php?rest_route=%2Fwp%2Fv2%2Fcategories&post=298053"},{"taxonomy":"post_tag","embeddable":true,"href":"https:\/\/www.diarioimagen.net\/index.php?rest_route=%2Fwp%2Fv2%2Ftags&post=298053"}],"curies":[{"name":"wp","href":"https:\/\/api.w.org\/{rel}","templated":true}]}}