{"id":298059,"date":"2016-11-10T00:02:05","date_gmt":"2016-11-10T06:02:05","guid":{"rendered":"http:\/\/www.diarioimagen.net\/?p=298059"},"modified":"2016-11-10T08:16:14","modified_gmt":"2016-11-10T14:16:14","slug":"entregan-tres-motoambulancias-para-atencion-de-emergencias","status":"publish","type":"post","link":"https:\/\/www.diarioimagen.net\/?p=298059","title":{"rendered":"Entregan tres motoambulancias para atenci\u00f3n de emergencias"},"content":{"rendered":"<ul>\n<li><strong><em>Servicio m\u00e1s eficaz en Naucalpan<\/em><\/strong><\/li>\n<\/ul>\n<p>&nbsp;<\/p>\n<div id=\"attachment_298092\" style=\"width: 470px\" class=\"wp-caption aligncenter\"><a href=\"http:\/\/www.diarioimagen.net\/?attachment_id=298092\" rel=\"attachment wp-att-298092\"><img loading=\"lazy\" decoding=\"async\" aria-describedby=\"caption-attachment-298092\" class=\"size-large wp-image-298092\" src=\"http:\/\/www.diarioimagen.net\/wp-content\/uploads\/2016\/11\/NAUCALPAN-2994-460x259.jpg\" alt=\"La Direcci\u00f3n General de Protecci\u00f3n Civil y Bomberos de Naucalpan cuenta con tres moto-ambulancias\u00a0 para dar atenci\u00f3n de terapia de soporte intermedio.\" width=\"460\" height=\"259\" srcset=\"https:\/\/www.diarioimagen.net\/wp-content\/uploads\/2016\/11\/NAUCALPAN-2994-460x259.jpg 460w, https:\/\/www.diarioimagen.net\/wp-content\/uploads\/2016\/11\/NAUCALPAN-2994-240x135.jpg 240w, https:\/\/www.diarioimagen.net\/wp-content\/uploads\/2016\/11\/NAUCALPAN-2994-235x132.jpg 235w, https:\/\/www.diarioimagen.net\/wp-content\/uploads\/2016\/11\/NAUCALPAN-2994-202x114.jpg 202w, https:\/\/www.diarioimagen.net\/wp-content\/uploads\/2016\/11\/NAUCALPAN-2994-350x196.jpg 350w, https:\/\/www.diarioimagen.net\/wp-content\/uploads\/2016\/11\/NAUCALPAN-2994-220x123.jpg 220w, https:\/\/www.diarioimagen.net\/wp-content\/uploads\/2016\/11\/NAUCALPAN-2994-237x132.jpg 237w, https:\/\/www.diarioimagen.net\/wp-content\/uploads\/2016\/11\/NAUCALPAN-2994.jpg 480w\" sizes=\"auto, (max-width: 460px) 100vw, 460px\" \/><\/a><p id=\"caption-attachment-298092\" class=\"wp-caption-text\">La Direcci\u00f3n General de Protecci\u00f3n Civil y Bomberos de Naucalpan cuenta con tres moto-ambulancias\u00a0 para dar atenci\u00f3n de terapia de soporte intermedio.<\/p><\/div>\n<p>&nbsp;<\/p>\n<p><strong>Naucalpan, Estado de M\u00e9xico<\/strong>.- Para proporcionar un servicio m\u00e1s eficiente y eficaz a los naucalpenses en situaciones de emergencia, la Direcci\u00f3n General de Protecci\u00f3n Civil y Bomberos, cuenta con tres motoambulancias\u00a0 para dar atenci\u00f3n de terapia de soporte intermedio, con un tiempo de respuesta de 3 a 4 minutos.<\/p>\n<p>El presidente municipal, Edgar Armando Olvera Higuera, explic\u00f3 que las motocicletas son para zona urbana y regiones agrestes, y fueron donadas, con el equipamiento necesario, por el grupo financiero BBVA Bancomer, con las cuales, en dos meses, se ha brindado atenci\u00f3n inmediata a m\u00e1s de 720 llamadas de auxilio.<\/p>\n<p>Se\u00f1al\u00f3 que con estas unidades, Naucalpan se coloca a la vanguardia en la prestaci\u00f3n de servicios de emergencia, ya que es el \u00fanico municipio en el Estado de M\u00e9xico, que cuenta con un equipo de motoambulancias con terapia intermedia funcionando al 100 por ciento.<\/p>\n<p>Por su parte, el director general de Protecci\u00f3n Civil y Bomberos, Juan Armando Vigueras Bertely, detall\u00f3 que las motocicletas cuentan con torreta, monitor para signos vitales, tanque de ox\u00edgeno, equipo de v\u00edas a\u00e9reas para entubar a pacientes en situaci\u00f3n cr\u00edtica, adem\u00e1s de material de curaci\u00f3n, como gasas, suero, antis\u00e9pticos, entre otros.<\/p>\n<p>Vigueras Bertely dijo que las unidades son conducidas por param\u00e9dicos, quienes tienen experiencia y capacitaci\u00f3n en el manejo de motocicletas, ya que es el tipo de veh\u00edculo que utilizan para transportarse cotidianamente.<\/p>\n<p>Indic\u00f3 que por seguridad, las tres unidades brindan servicio mientras hay luz natural, y permanecen en tres puntos diferentes, en la estaci\u00f3n central de bomberos; en Gustavo Baz a la altura de San Luis Tlatilco y en la zona comercial de Ciudad Sat\u00e9lite.<\/p>\n<p>Explic\u00f3 que la Direcci\u00f3n General de Protecci\u00f3n Civil recibe un promedio de 25 llamados de emergencia al d\u00eda, y en el 50 por ciento de los casos intervienen las motoambulancias, que por lo general atienden lesiones menores como luxaciones, dolores de cabeza y heridas superficiales, situaciones en las que no es necesario transportar al paciente a un hospital.<\/p>\n<p>&nbsp;<\/p>\n","protected":false},"excerpt":{"rendered":"<p>Para proporcionar un servicio m\u00e1s eficiente y eficaz a los naucalpenses en situaciones de emergencia, la Direcci\u00f3n General de Protecci\u00f3n Civil y Bomberos, cuenta con tres motoambulancias  para dar atenci\u00f3n de terapia de soporte intermedio, con un tiempo de respuesta de 3 a 4 minutos.<\/p>\n","protected":false},"author":3,"featured_media":298092,"comment_status":"open","ping_status":"open","sticky":false,"template":"","format":"standard","meta":{"_monsterinsights_skip_tracking":false,"_monsterinsights_sitenote_active":false,"_monsterinsights_sitenote_note":"","_monsterinsights_sitenote_category":0,"footnotes":""},"categories":[35155],"tags":[13050,43675,970],"class_list":["post-298059","post","type-post","status-publish","format-standard","has-post-thumbnail","hentry","category-estado-de-mexico-estado-de-mexico","tag-emergencia","tag-estado-de-mexico","tag-naucalpan"],"_links":{"self":[{"href":"https:\/\/www.diarioimagen.net\/index.php?rest_route=\/wp\/v2\/posts\/298059","targetHints":{"allow":["GET"]}}],"collection":[{"href":"https:\/\/www.diarioimagen.net\/index.php?rest_route=\/wp\/v2\/posts"}],"about":[{"href":"https:\/\/www.diarioimagen.net\/index.php?rest_route=\/wp\/v2\/types\/post"}],"author":[{"embeddable":true,"href":"https:\/\/www.diarioimagen.net\/index.php?rest_route=\/wp\/v2\/users\/3"}],"replies":[{"embeddable":true,"href":"https:\/\/www.diarioimagen.net\/index.php?rest_route=%2Fwp%2Fv2%2Fcomments&post=298059"}],"version-history":[{"count":0,"href":"https:\/\/www.diarioimagen.net\/index.php?rest_route=\/wp\/v2\/posts\/298059\/revisions"}],"wp:featuredmedia":[{"embeddable":true,"href":"https:\/\/www.diarioimagen.net\/index.php?rest_route=\/wp\/v2\/media\/298092"}],"wp:attachment":[{"href":"https:\/\/www.diarioimagen.net\/index.php?rest_route=%2Fwp%2Fv2%2Fmedia&parent=298059"}],"wp:term":[{"taxonomy":"category","embeddable":true,"href":"https:\/\/www.diarioimagen.net\/index.php?rest_route=%2Fwp%2Fv2%2Fcategories&post=298059"},{"taxonomy":"post_tag","embeddable":true,"href":"https:\/\/www.diarioimagen.net\/index.php?rest_route=%2Fwp%2Fv2%2Ftags&post=298059"}],"curies":[{"name":"wp","href":"https:\/\/api.w.org\/{rel}","templated":true}]}}