{"id":298117,"date":"2016-11-11T00:08:39","date_gmt":"2016-11-11T06:08:39","guid":{"rendered":"http:\/\/www.diarioimagen.net\/?p=298117"},"modified":"2016-11-11T02:27:06","modified_gmt":"2016-11-11T08:27:06","slug":"refuerza-difem-lazos-afectivos-entre-los-mexiquenses","status":"publish","type":"post","link":"https:\/\/www.diarioimagen.net\/?p=298117","title":{"rendered":"Refuerza DIFEM lazos afectivos entre los mexiquenses"},"content":{"rendered":"<ul>\n<li><em><strong>Conferencia \u201cTodos tenemos una familia<\/strong>\u201d<\/em><\/li>\n<\/ul>\n<p>&nbsp;<\/p>\n<div id=\"attachment_298118\" style=\"width: 470px\" class=\"wp-caption aligncenter\"><a href=\"http:\/\/www.diarioimagen.net\/?attachment_id=298118\" rel=\"attachment wp-att-298118\"><img loading=\"lazy\" decoding=\"async\" aria-describedby=\"caption-attachment-298118\" class=\"size-large wp-image-298118\" src=\"http:\/\/www.diarioimagen.net\/wp-content\/uploads\/2016\/11\/DIFEM11-portal-460x268.jpg\" alt=\"Isis \u00c1vila, presidenta honoraria del DIFEM, llev\u00f3 a familias naucalpenses al psicoterapeuta Mario Guerra, quien dict\u00f3 la conferencia \u201cTodos tenemos una familia\u201d.\" width=\"460\" height=\"268\" srcset=\"https:\/\/www.diarioimagen.net\/wp-content\/uploads\/2016\/11\/DIFEM11-portal-460x268.jpg 460w, https:\/\/www.diarioimagen.net\/wp-content\/uploads\/2016\/11\/DIFEM11-portal-240x140.jpg 240w, https:\/\/www.diarioimagen.net\/wp-content\/uploads\/2016\/11\/DIFEM11-portal.jpg 480w\" sizes=\"auto, (max-width: 460px) 100vw, 460px\" \/><\/a><p id=\"caption-attachment-298118\" class=\"wp-caption-text\">Isis \u00c1vila, presidenta honoraria del DIFEM, llev\u00f3 a familias naucalpenses al psicoterapeuta Mario Guerra, quien dict\u00f3 la conferencia \u201cTodos tenemos una familia\u201d.<\/p><\/div>\n<p>&nbsp;<\/p>\n<p><strong>Naucalpan, Estadod ede M\u00e9xico<\/strong>.- Con el prop\u00f3sito de reforzar valores y brindar herramientas que permitan a las personas crecer y desarrollarse en ambientes familiares arm\u00f3nicos, el conferencista de talla mundial, Mario Guerra, quien ofreci\u00f3 su ponencia, Todos tenemos una familia, como parte del ciclo de conferencias del programa \u201cPonte en mis zapatos\u201d.<\/p>\n<p>Isis \u00c1vila Mu\u00f1oz, presidenta honoraria del DIF Estado de M\u00e9xico, present\u00f3 al ponente en las instalaciones de la Casa de Cultura ubicada en el Parque Naucalli, en presencia de Liliana Carbajal de Olvera, presidenta del DIF de Naucalpan, padres y mujeres jefas de familia, ante quienes refiri\u00f3 que en la actualidad, la familia enfrenta nuevas formas de cohabitaci\u00f3n que se caracterizan por las dimensiones biol\u00f3gica, social y afectiva.<\/p>\n<p>Por ello la importancia de llevar a cabo estas conferencias, en donde el especialista promueve que dentro del n\u00facleo familiar siempre prevalezcan elementos como afecto, pertenencia, cuidado, protecci\u00f3n, valores, autonom\u00eda y ser fundamento de la cohesi\u00f3n social para alcanzar parte de la funci\u00f3n de supervivencia y crecimiento de sus integrantes, tal como lo ha propuesto el Fondo de las Naciones Unidas para la Infancia.<\/p>\n<p>Por su parte, Mario Guerra, se\u00f1al\u00f3 que la familia debe ser el lugar donde las personas florezcan, crezcan en confianza y en v\u00ednculos amorosos; un lugar al que se quiere pertenecer y que las reglas y normas se cumplan con amor, para que la disciplina, los valores y el ejemplo se ense\u00f1en de forma congruente.<\/p>\n<p>Asimismo, invit\u00f3 a los asistentes a reflexionar sobre el concepto tradicional de familia, en el que se entienda que una madre con hijos, un padre con hijos, matrimonios sin hijos y otras figuras familiares pueden entenderse como tal y tambi\u00e9n tienen derecho a no ser discriminadas, a ser incluidas, as\u00ed como gozar de los derechos humanos y civiles en general.<\/p>\n<p>En este segundo ciclo de conferencias de \u00abPonte en mis Zapatos\u00bb, el DIF estatal impartir\u00e1 ponencias en los temas como Valores y sociedad, Adultos mayores, Gratitud con actitud, entre otras, que se sumar\u00e1n a las expuestas sobre Discriminaci\u00f3n y Todos tenemos una familia.<\/p>\n","protected":false},"excerpt":{"rendered":"<p>Con el prop\u00f3sito de reforzar valores y brindar herramientas que permitan a las personas crecer y desarrollarse en ambientes familiares arm\u00f3nicos, el conferencista de talla mundial, Mario Guerra, quien ofreci\u00f3 su ponencia, Todos tenemos una familia, como parte del ciclo de conferencias del programa \u201cPonte en mis zapatos\u201d.<\/p>\n","protected":false},"author":5,"featured_media":298118,"comment_status":"open","ping_status":"open","sticky":false,"template":"","format":"standard","meta":{"_monsterinsights_skip_tracking":false,"_monsterinsights_sitenote_active":false,"_monsterinsights_sitenote_note":"","_monsterinsights_sitenote_category":0,"footnotes":""},"categories":[5],"tags":[394,28207,6609,970],"class_list":["post-298117","post","type-post","status-publish","format-standard","has-post-thumbnail","hentry","category-estado-de-mexico","tag-difem","tag-isis-avila-munoz","tag-mexiquenses","tag-naucalpan"],"_links":{"self":[{"href":"https:\/\/www.diarioimagen.net\/index.php?rest_route=\/wp\/v2\/posts\/298117","targetHints":{"allow":["GET"]}}],"collection":[{"href":"https:\/\/www.diarioimagen.net\/index.php?rest_route=\/wp\/v2\/posts"}],"about":[{"href":"https:\/\/www.diarioimagen.net\/index.php?rest_route=\/wp\/v2\/types\/post"}],"author":[{"embeddable":true,"href":"https:\/\/www.diarioimagen.net\/index.php?rest_route=\/wp\/v2\/users\/5"}],"replies":[{"embeddable":true,"href":"https:\/\/www.diarioimagen.net\/index.php?rest_route=%2Fwp%2Fv2%2Fcomments&post=298117"}],"version-history":[{"count":0,"href":"https:\/\/www.diarioimagen.net\/index.php?rest_route=\/wp\/v2\/posts\/298117\/revisions"}],"wp:featuredmedia":[{"embeddable":true,"href":"https:\/\/www.diarioimagen.net\/index.php?rest_route=\/wp\/v2\/media\/298118"}],"wp:attachment":[{"href":"https:\/\/www.diarioimagen.net\/index.php?rest_route=%2Fwp%2Fv2%2Fmedia&parent=298117"}],"wp:term":[{"taxonomy":"category","embeddable":true,"href":"https:\/\/www.diarioimagen.net\/index.php?rest_route=%2Fwp%2Fv2%2Fcategories&post=298117"},{"taxonomy":"post_tag","embeddable":true,"href":"https:\/\/www.diarioimagen.net\/index.php?rest_route=%2Fwp%2Fv2%2Ftags&post=298117"}],"curies":[{"name":"wp","href":"https:\/\/api.w.org\/{rel}","templated":true}]}}