{"id":298120,"date":"2016-11-11T00:09:26","date_gmt":"2016-11-11T06:09:26","guid":{"rendered":"http:\/\/www.diarioimagen.net\/?p=298120"},"modified":"2016-11-11T01:06:22","modified_gmt":"2016-11-11T07:06:22","slug":"proponen-eruviel-avila-mayor-libertad-para-medios-de-comunicacion","status":"publish","type":"post","link":"https:\/\/www.diarioimagen.net\/?p=298120","title":{"rendered":"Mayor libertad para los medios  de comunicaci\u00f3n"},"content":{"rendered":"<ul>\n<li><strong><em>Foros\u00a0 \u201cVisi\u00f3n y Reflexi\u00f3n del M\u00e9xico que Queremos\u201d<\/em><\/strong><\/li>\n<\/ul>\n<p>&nbsp;<\/p>\n<div id=\"attachment_298124\" style=\"width: 470px\" class=\"wp-caption aligncenter\"><a href=\"http:\/\/www.diarioimagen.net\/?attachment_id=298124\" rel=\"attachment wp-att-298124\"><img loading=\"lazy\" decoding=\"async\" aria-describedby=\"caption-attachment-298124\" class=\"wp-image-298124 size-large\" src=\"http:\/\/www.diarioimagen.net\/wp-content\/uploads\/2016\/11\/EruvielMedios-portal-460x268.jpg\" alt=\"El gobernador Eruviel \u00c1vila particip\u00f3 en los foros \u201cVisi\u00f3n y Reflexi\u00f3n del M\u00e9xico que Queremos\u201d con motivo de la 58 Semana Nacional de Radio y Televisi\u00f3n.\" width=\"460\" height=\"268\" srcset=\"https:\/\/www.diarioimagen.net\/wp-content\/uploads\/2016\/11\/EruvielMedios-portal-460x268.jpg 460w, https:\/\/www.diarioimagen.net\/wp-content\/uploads\/2016\/11\/EruvielMedios-portal-240x140.jpg 240w, https:\/\/www.diarioimagen.net\/wp-content\/uploads\/2016\/11\/EruvielMedios-portal.jpg 480w\" sizes=\"auto, (max-width: 460px) 100vw, 460px\" \/><\/a><p id=\"caption-attachment-298124\" class=\"wp-caption-text\">El gobernador Eruviel \u00c1vila particip\u00f3 en los foros \u201cVisi\u00f3n y Reflexi\u00f3n del M\u00e9xico que Queremos\u201d, con motivo de la 58 Semana Nacional de Radio y Televisi\u00f3n.<\/p><\/div>\n<p>&nbsp;<\/p>\n<p><strong>Ciudad de M\u00e9xico<\/strong>.- En el marco de la 58 Semana Nacional de Radio y Televisi\u00f3n, el gobernador Eruviel \u00c1vila Villegas se pronunci\u00f3 por llevar a cabo, de la mano de este sector, un ajuste a la reforma electoral en lo concerniente a la comunicaci\u00f3n pol\u00edtica, para que no se limite a los medios informativos invitar a sus espacios a los diferentes actores pol\u00edticos, que en la actualidad les representa sanciones por parte del Instituto Nacional Electoral.<\/p>\n<p>\u201cEs necesaria, muy necesaria que se lleve a cabo una reforma, de la mano con la industria de radio y televisi\u00f3n, a efecto de que no se coarte la libertad de expresi\u00f3n, no sea coartada la libertad de expresi\u00f3n de comunicaci\u00f3n de la industria de la radio y la televisi\u00f3n, esa es mi postura personal\u201d, expres\u00f3.<\/p>\n<p>Durante su participaci\u00f3n en los di\u00e1logos \u201cVisi\u00f3n y Reflexi\u00f3n del M\u00e9xico que Queremos\u201c, a los que asistieron actores pol\u00edticos y sociales de M\u00e9xico, y en presencia de los concesionarios de diferentes estaciones de radio, televisi\u00f3n y medios impresos, Eruviel \u00c1vila reconoci\u00f3 a la C\u00e1mara de la Industria de la Radio y Televisi\u00f3n (CIRT), que encabeza Edgar Pereda G\u00f3mez, por su funci\u00f3n de informar puntualmente a la sociedad.<\/p>\n<p>Y resalt\u00f3 la labor social que realizan, por ejemplo, en la difusi\u00f3n de la Alerta Amber, para encontrar a menores de edad extraviados, informaci\u00f3n en caso de siniestros o desastres naturales, entre otras.<\/p>\n<p>\u201cEl desarrollo de este pa\u00eds no se entiende sin la presencia de esta fuerte industria y sobre todo que la integran mujeres y hombres de bien, mexicanos de bien que quieren lo mejor para su pa\u00eds\u201d, se\u00f1al\u00f3. Por otra parte, el gobernador mexiquense detall\u00f3 los logros que se han alcanzado durante su administraci\u00f3n en materia de inversiones, seguridad e infraestructura.<\/p>\n<p>Asegur\u00f3 que el Estado de M\u00e9xico es un lugar ideal para realizar inversiones, ya que de acuerdo con el estudio Doing Bussines que realiza el Banco Mundial,\u00a0 pas\u00f3 del lugar n\u00famero 28 al n\u00famero dos como lugar ideal para realizar negocios, lo cual es resultado de la mejora regulatoria, que ha permitido reducir tr\u00e1mites burocr\u00e1ticos.<\/p>\n<p>Para darle seguridad a los inversionistas y la sociedad en general, abund\u00f3, se han puesto en operaci\u00f3n centros de mando C5 en Toluca y Ecatepec, por medio de los cuales se monitorean 10 mil c\u00e1maras de videovigilancia ubicadas en todo el territorio estatal.<\/p>\n<p>&nbsp;<\/p>\n","protected":false},"excerpt":{"rendered":"<p>En el marco de la 58 Semana Nacional de Radio y Televisi\u00f3n, el gobernador Eruviel \u00c1vila Villegas se pronunci\u00f3 por llevar a cabo, de la mano de este sector, un ajuste a la reforma electoral en lo concerniente a la comunicaci\u00f3n pol\u00edtica, para que no se limite a los medios informativos invitar a sus espacios a los diferentes actores pol\u00edticos, que en la actualidad les representa sanciones por parte del Instituto Nacional Electoral.<\/p>\n","protected":false},"author":5,"featured_media":298124,"comment_status":"open","ping_status":"open","sticky":false,"template":"","format":"standard","meta":{"_monsterinsights_skip_tracking":false,"_monsterinsights_sitenote_active":false,"_monsterinsights_sitenote_note":"","_monsterinsights_sitenote_category":0,"footnotes":""},"categories":[5],"tags":[204,28759],"class_list":["post-298120","post","type-post","status-publish","format-standard","has-post-thumbnail","hentry","category-estado-de-mexico","tag-ciudad-de-mexico","tag-instituto-nacional-electoral"],"_links":{"self":[{"href":"https:\/\/www.diarioimagen.net\/index.php?rest_route=\/wp\/v2\/posts\/298120","targetHints":{"allow":["GET"]}}],"collection":[{"href":"https:\/\/www.diarioimagen.net\/index.php?rest_route=\/wp\/v2\/posts"}],"about":[{"href":"https:\/\/www.diarioimagen.net\/index.php?rest_route=\/wp\/v2\/types\/post"}],"author":[{"embeddable":true,"href":"https:\/\/www.diarioimagen.net\/index.php?rest_route=\/wp\/v2\/users\/5"}],"replies":[{"embeddable":true,"href":"https:\/\/www.diarioimagen.net\/index.php?rest_route=%2Fwp%2Fv2%2Fcomments&post=298120"}],"version-history":[{"count":0,"href":"https:\/\/www.diarioimagen.net\/index.php?rest_route=\/wp\/v2\/posts\/298120\/revisions"}],"wp:featuredmedia":[{"embeddable":true,"href":"https:\/\/www.diarioimagen.net\/index.php?rest_route=\/wp\/v2\/media\/298124"}],"wp:attachment":[{"href":"https:\/\/www.diarioimagen.net\/index.php?rest_route=%2Fwp%2Fv2%2Fmedia&parent=298120"}],"wp:term":[{"taxonomy":"category","embeddable":true,"href":"https:\/\/www.diarioimagen.net\/index.php?rest_route=%2Fwp%2Fv2%2Fcategories&post=298120"},{"taxonomy":"post_tag","embeddable":true,"href":"https:\/\/www.diarioimagen.net\/index.php?rest_route=%2Fwp%2Fv2%2Ftags&post=298120"}],"curies":[{"name":"wp","href":"https:\/\/api.w.org\/{rel}","templated":true}]}}