{"id":298180,"date":"2016-11-11T00:09:20","date_gmt":"2016-11-11T06:09:20","guid":{"rendered":"http:\/\/www.diarioimagen.net\/?p=298180"},"modified":"2016-11-11T03:29:12","modified_gmt":"2016-11-11T09:29:12","slug":"seguiran-clima-frio-y-lluvias-en-el-pais","status":"publish","type":"post","link":"https:\/\/www.diarioimagen.net\/?p=298180","title":{"rendered":"Seguir\u00e1n clima fr\u00edo y lluvias en el pa\u00eds"},"content":{"rendered":"<ul>\n<li><strong><em>Tormenta invernal<\/em><\/strong><\/li>\n<\/ul>\n<p>&nbsp;<\/p>\n<p><a href=\"http:\/\/www.diarioimagen.net\/?attachment_id=298285\" rel=\"attachment wp-att-298285\"><img loading=\"lazy\" decoding=\"async\" class=\"aligncenter size-large wp-image-298285\" src=\"http:\/\/www.diarioimagen.net\/wp-content\/uploads\/2016\/11\/conagua-2995-460x259.jpg\" alt=\"conagua-2995\" width=\"460\" height=\"259\" srcset=\"https:\/\/www.diarioimagen.net\/wp-content\/uploads\/2016\/11\/conagua-2995-460x259.jpg 460w, https:\/\/www.diarioimagen.net\/wp-content\/uploads\/2016\/11\/conagua-2995-240x135.jpg 240w, https:\/\/www.diarioimagen.net\/wp-content\/uploads\/2016\/11\/conagua-2995-768x432.jpg 768w, https:\/\/www.diarioimagen.net\/wp-content\/uploads\/2016\/11\/conagua-2995-480x270.jpg 480w, https:\/\/www.diarioimagen.net\/wp-content\/uploads\/2016\/11\/conagua-2995-235x132.jpg 235w, https:\/\/www.diarioimagen.net\/wp-content\/uploads\/2016\/11\/conagua-2995-202x114.jpg 202w, https:\/\/www.diarioimagen.net\/wp-content\/uploads\/2016\/11\/conagua-2995-350x196.jpg 350w, https:\/\/www.diarioimagen.net\/wp-content\/uploads\/2016\/11\/conagua-2995-220x123.jpg 220w, https:\/\/www.diarioimagen.net\/wp-content\/uploads\/2016\/11\/conagua-2995-237x132.jpg 237w, https:\/\/www.diarioimagen.net\/wp-content\/uploads\/2016\/11\/conagua-2995.jpg 1200w\" sizes=\"auto, (max-width: 460px) 100vw, 460px\" \/><\/a><\/p>\n<p>&nbsp;<\/p>\n<p>El frente fr\u00edo n\u00famero 6, que avanza sobre la pen\u00ednsula de Yucat\u00e1n junto con la primera tormenta invernal causan potencial de tormentas puntuales muy fuertes en Tamaulipas, Puebla, Veracruz, Oaxaca, Chiapas y Tabasco, report\u00f3 el Servicio Meteorol\u00f3gico Nacional (SMN).<\/p>\n<p>Adem\u00e1s, tormentas fuertes en Nuevo Le\u00f3n, Hidalgo, Tlaxcala, Estado de M\u00e9xico, Ciudad de M\u00e9xico, Morelos, Guerrero, Campeche y Quintana Roo y lluvias con intervalos de chubascos en Chihuahua, Coahuila, San Luis Potos\u00ed, Zacatecas, Jalisco, Colima, Guanajuato, Quer\u00e9taro y Yucat\u00e1n.<\/p>\n<p>Los sistemas tambi\u00e9n generar\u00e1n evento de norte con rachas de hasta 60 kil\u00f3metros por hora en las costas de Tamaulipas y Veracruz, y rachas de hasta 90 kil\u00f3metros por hora en Istmo y Golfo de Tehuantepec, as\u00ed como condiciones favorables para la ca\u00edda de nieve o aguanieve en las elevaciones por arriba de los cuatro mil metros de altura en norte, centro y oriente del pa\u00eds, durante las primeras horas del d\u00eda.<\/p>\n<p>Se tendr\u00e1n temperaturas menores a menos cinco grados cent\u00edgrados en partes monta\u00f1osas de Chihuahua y Durango; as\u00ed como de -5 a 0 grados cent\u00edgrados en regiones altas de Sonora, Coahuila, Zacatecas, Michoac\u00e1n, Estado de M\u00e9xico, Hidalgo, Puebla y Tlaxcala.<\/p>\n<p>Y de 0 a 5 grados cent\u00edgrados en regiones serranas de Baja California, Nuevo Le\u00f3n, Tamaulipas, San Luis Potos\u00ed, Aguascalientes, Jalisco, Guanajuato, Quer\u00e9taro, Ciudad de M\u00e9xico, Morelos, Veracruz, Oaxaca y Chiapas.<\/p>\n<p>Habr\u00e1 presencia de evento de norte con rachas de hasta 60 kil\u00f3metros por hora en costas de Tamaulipas y Veracruz; y viento con rachas de hasta 90 kil\u00f3metros por hora en Istmo y Golfo de Tehuantepec.<\/p>\n","protected":false},"excerpt":{"rendered":"<p>El frente fr\u00edo n\u00famero 6, que avanza sobre la pen\u00ednsula de Yucat\u00e1n junto con la primera tormenta invernal causan potencial de tormentas puntuales muy fuertes en Tamaulipas, Puebla, Veracruz, Oaxaca, Chiapas y Tabasco, report\u00f3 el Servicio Meteorol\u00f3gico Nacional (SMN).<\/p>\n","protected":false},"author":3,"featured_media":298285,"comment_status":"open","ping_status":"open","sticky":false,"template":"","format":"standard","meta":{"_monsterinsights_skip_tracking":false,"_monsterinsights_sitenote_active":false,"_monsterinsights_sitenote_note":"","_monsterinsights_sitenote_category":0,"footnotes":""},"categories":[3],"tags":[377,24270,380],"class_list":["post-298180","post","type-post","status-publish","format-standard","has-post-thumbnail","hentry","category-nacional","tag-frente-frio","tag-nacioonal","tag-smn"],"_links":{"self":[{"href":"https:\/\/www.diarioimagen.net\/index.php?rest_route=\/wp\/v2\/posts\/298180","targetHints":{"allow":["GET"]}}],"collection":[{"href":"https:\/\/www.diarioimagen.net\/index.php?rest_route=\/wp\/v2\/posts"}],"about":[{"href":"https:\/\/www.diarioimagen.net\/index.php?rest_route=\/wp\/v2\/types\/post"}],"author":[{"embeddable":true,"href":"https:\/\/www.diarioimagen.net\/index.php?rest_route=\/wp\/v2\/users\/3"}],"replies":[{"embeddable":true,"href":"https:\/\/www.diarioimagen.net\/index.php?rest_route=%2Fwp%2Fv2%2Fcomments&post=298180"}],"version-history":[{"count":0,"href":"https:\/\/www.diarioimagen.net\/index.php?rest_route=\/wp\/v2\/posts\/298180\/revisions"}],"wp:featuredmedia":[{"embeddable":true,"href":"https:\/\/www.diarioimagen.net\/index.php?rest_route=\/wp\/v2\/media\/298285"}],"wp:attachment":[{"href":"https:\/\/www.diarioimagen.net\/index.php?rest_route=%2Fwp%2Fv2%2Fmedia&parent=298180"}],"wp:term":[{"taxonomy":"category","embeddable":true,"href":"https:\/\/www.diarioimagen.net\/index.php?rest_route=%2Fwp%2Fv2%2Fcategories&post=298180"},{"taxonomy":"post_tag","embeddable":true,"href":"https:\/\/www.diarioimagen.net\/index.php?rest_route=%2Fwp%2Fv2%2Ftags&post=298180"}],"curies":[{"name":"wp","href":"https:\/\/api.w.org\/{rel}","templated":true}]}}