{"id":298182,"date":"2016-11-11T00:07:16","date_gmt":"2016-11-11T06:07:16","guid":{"rendered":"http:\/\/www.diarioimagen.net\/?p=298182"},"modified":"2016-11-11T02:45:45","modified_gmt":"2016-11-11T08:45:45","slug":"habra-salas-de-lactancia-y-clinica-contra-la-obesidad-en-c-izcalli","status":"publish","type":"post","link":"https:\/\/www.diarioimagen.net\/?p=298182","title":{"rendered":"Habr\u00e1 salas de lactancia y cl\u00ednica contra la obesidad en C. Izcalli"},"content":{"rendered":"<ul>\n<li><strong><em>Anuncia el alcalde V\u00edctor Estrada Garibay<\/em><\/strong><\/li>\n<\/ul>\n<p>&nbsp;<\/p>\n<div id=\"attachment_298220\" style=\"width: 470px\" class=\"wp-caption aligncenter\"><a href=\"http:\/\/www.diarioimagen.net\/?attachment_id=298220\" rel=\"attachment wp-att-298220\"><img loading=\"lazy\" decoding=\"async\" aria-describedby=\"caption-attachment-298220\" class=\"size-large wp-image-298220\" src=\"http:\/\/www.diarioimagen.net\/wp-content\/uploads\/2016\/11\/CUAUTITLAN-2995-460x259.jpg\" alt=\"En compa\u00f1\u00eda de la presidenta del DIF Municipal, Am\u00e9rica Rangel, el alcalde V\u00edctor Estrada encabez\u00f3 la Feria de Salud en el jard\u00edn de ni\u00f1os \u201cIgnacio Manuel Altamirano\u201d.\" width=\"460\" height=\"259\" srcset=\"https:\/\/www.diarioimagen.net\/wp-content\/uploads\/2016\/11\/CUAUTITLAN-2995-460x259.jpg 460w, https:\/\/www.diarioimagen.net\/wp-content\/uploads\/2016\/11\/CUAUTITLAN-2995-240x135.jpg 240w, https:\/\/www.diarioimagen.net\/wp-content\/uploads\/2016\/11\/CUAUTITLAN-2995-235x132.jpg 235w, https:\/\/www.diarioimagen.net\/wp-content\/uploads\/2016\/11\/CUAUTITLAN-2995-202x114.jpg 202w, https:\/\/www.diarioimagen.net\/wp-content\/uploads\/2016\/11\/CUAUTITLAN-2995-350x196.jpg 350w, https:\/\/www.diarioimagen.net\/wp-content\/uploads\/2016\/11\/CUAUTITLAN-2995-220x123.jpg 220w, https:\/\/www.diarioimagen.net\/wp-content\/uploads\/2016\/11\/CUAUTITLAN-2995-237x132.jpg 237w, https:\/\/www.diarioimagen.net\/wp-content\/uploads\/2016\/11\/CUAUTITLAN-2995.jpg 480w\" sizes=\"auto, (max-width: 460px) 100vw, 460px\" \/><\/a><p id=\"caption-attachment-298220\" class=\"wp-caption-text\">En compa\u00f1\u00eda de la presidenta del DIF Municipal, Am\u00e9rica Rangel, el alcalde V\u00edctor Estrada encabez\u00f3 la Feria de Salud en el jard\u00edn de ni\u00f1os \u201cIgnacio Manuel Altamirano\u201d.<\/p><\/div>\n<p>&nbsp;<\/p>\n<p><strong>Cuautitl\u00e1n Izcalli, Estado de M\u00e9xico<\/strong>.- El alcalde V\u00edctor Estrada Garibay anunci\u00f3 la construcci\u00f3n de salas de lactancia materna y la apertura de la Cl\u00ednica Contra\u00a0 la Obesidad, Diabetes e Hipertensi\u00f3n para el siguiente a\u00f1o en aras de proteger y mejorar la salud de la poblaci\u00f3n.<\/p>\n<p>En el marco de la Segunda Semana Nacional de Salud Bucal, Estrada Garibay destac\u00f3 que debido a las acciones de salud que ha emprendido conjuntamente su gobierno, el Sistema Municipal DIF y asociaciones civiles, Izcalli fue incorporado a la Red Mexicana de Municipios por la Salud, cuyo objetivo es impulsar el desarrollo y fortalecimiento de los municipios, facilitando y fomentando el intercambio de conocimientos y experiencias de promoci\u00f3n de la salud para incidir positivamente en la vida de la gente.<\/p>\n<p>Coment\u00f3 que el arduo trabajo en la materia continuar\u00e1 en 2017, por lo que se crear\u00e1n salas de lactancia materna en Operagua y en la explanada municipal y abrir\u00e1 la Cl\u00ednica Contra la Obesidad, Diabetes e Hipertensi\u00f3n, enfermedades que van en aumento en la poblaci\u00f3n en general demeritando su calidad de vida.<\/p>\n<p>En compa\u00f1\u00eda de la presidenta del DIF local, Am\u00e9rica Rangel, el alcalde encabez\u00f3 la Feria de Salud en el jard\u00edn de ni\u00f1os \u201cIgnacio Manuel Altamirano\u201d, en el poblado de San Lorenzo, donde las ni\u00f1as y ni\u00f1os participaron en actividades did\u00e1cticas enfocadas a explicarles la causa de las enfermedades bucales, aprender a prevenir las caries, el uso correcto del hilo dental y la t\u00e9cnica del cepillado.<\/p>\n<p>Apunt\u00f3 que como en la Primera Semana Nacional de la Salud Bucal, efectuada en abril, en esta segunda edici\u00f3n tambi\u00e9n se otorgar\u00e1n tratamientos preventivos sin costo, como profilaxis y aplicaci\u00f3n de fl\u00faor, tanto en escuelas primarias como en jardines de ni\u00f1os.<\/p>\n<p>En aquella ocasi\u00f3n, agreg\u00f3, 6 mil 470 alumnos de 24 escuelas fueron beneficiados con estas acciones, mismas que suman m\u00e1s de 44 mil servicios odontol\u00f3gicos realizados desde el nivel preescolar hasta secundaria, con el prop\u00f3sito de fomentar la higiene bucal.<\/p>\n<p>&nbsp;<\/p>\n","protected":false},"excerpt":{"rendered":"<p>El alcalde V\u00edctor Estrada Garibay anunci\u00f3 la construcci\u00f3n de salas de lactancia materna y la apertura de la Cl\u00ednica Contra  la Obesidad, Diabetes e Hipertensi\u00f3n para el siguiente a\u00f1o en aras de proteger y mejorar la salud de la poblaci\u00f3n.<\/p>\n","protected":false},"author":3,"featured_media":298220,"comment_status":"open","ping_status":"open","sticky":false,"template":"","format":"standard","meta":{"_monsterinsights_skip_tracking":false,"_monsterinsights_sitenote_active":false,"_monsterinsights_sitenote_note":"","_monsterinsights_sitenote_category":0,"footnotes":""},"categories":[35155],"tags":[971,43675,24306,1489],"class_list":["post-298182","post","type-post","status-publish","format-standard","has-post-thumbnail","hentry","category-estado-de-mexico-estado-de-mexico","tag-cuautitlan-izcalli","tag-estado-de-mexico","tag-lactancia","tag-obesidad"],"_links":{"self":[{"href":"https:\/\/www.diarioimagen.net\/index.php?rest_route=\/wp\/v2\/posts\/298182","targetHints":{"allow":["GET"]}}],"collection":[{"href":"https:\/\/www.diarioimagen.net\/index.php?rest_route=\/wp\/v2\/posts"}],"about":[{"href":"https:\/\/www.diarioimagen.net\/index.php?rest_route=\/wp\/v2\/types\/post"}],"author":[{"embeddable":true,"href":"https:\/\/www.diarioimagen.net\/index.php?rest_route=\/wp\/v2\/users\/3"}],"replies":[{"embeddable":true,"href":"https:\/\/www.diarioimagen.net\/index.php?rest_route=%2Fwp%2Fv2%2Fcomments&post=298182"}],"version-history":[{"count":0,"href":"https:\/\/www.diarioimagen.net\/index.php?rest_route=\/wp\/v2\/posts\/298182\/revisions"}],"wp:featuredmedia":[{"embeddable":true,"href":"https:\/\/www.diarioimagen.net\/index.php?rest_route=\/wp\/v2\/media\/298220"}],"wp:attachment":[{"href":"https:\/\/www.diarioimagen.net\/index.php?rest_route=%2Fwp%2Fv2%2Fmedia&parent=298182"}],"wp:term":[{"taxonomy":"category","embeddable":true,"href":"https:\/\/www.diarioimagen.net\/index.php?rest_route=%2Fwp%2Fv2%2Fcategories&post=298182"},{"taxonomy":"post_tag","embeddable":true,"href":"https:\/\/www.diarioimagen.net\/index.php?rest_route=%2Fwp%2Fv2%2Ftags&post=298182"}],"curies":[{"name":"wp","href":"https:\/\/api.w.org\/{rel}","templated":true}]}}