{"id":298184,"date":"2016-11-11T00:03:09","date_gmt":"2016-11-11T06:03:09","guid":{"rendered":"http:\/\/www.diarioimagen.net\/?p=298184"},"modified":"2016-11-11T02:47:26","modified_gmt":"2016-11-11T08:47:26","slug":"rinde-1er-informe-de-actividades-la-diputada-local-sue-ellen-bernal","status":"publish","type":"post","link":"https:\/\/www.diarioimagen.net\/?p=298184","title":{"rendered":"Rinde 1er. informe de actividades la diputada local Sue Ellen Bernal"},"content":{"rendered":"<ul>\n<li><strong><em>Se reforz\u00f3 la seguridad<\/em><\/strong><\/li>\n<\/ul>\n<p>&nbsp;<\/p>\n<div id=\"attachment_298226\" style=\"width: 250px\" class=\"wp-caption alignleft\"><a href=\"http:\/\/www.diarioimagen.net\/?attachment_id=298226\" rel=\"attachment wp-att-298226\"><img loading=\"lazy\" decoding=\"async\" aria-describedby=\"caption-attachment-298226\" class=\" wp-image-298226\" src=\"http:\/\/www.diarioimagen.net\/wp-content\/uploads\/2016\/11\/TECAMAC-2995-460x460.jpg\" alt=\"La diputada local por el distrito XXXIII,\u00a0Sue Ellen Bernal, se dijo orgullosa al rendir su priomer informe de actividades.\" width=\"240\" height=\"240\" srcset=\"https:\/\/www.diarioimagen.net\/wp-content\/uploads\/2016\/11\/TECAMAC-2995-460x460.jpg 460w, https:\/\/www.diarioimagen.net\/wp-content\/uploads\/2016\/11\/TECAMAC-2995-150x150.jpg 150w, https:\/\/www.diarioimagen.net\/wp-content\/uploads\/2016\/11\/TECAMAC-2995-240x240.jpg 240w, https:\/\/www.diarioimagen.net\/wp-content\/uploads\/2016\/11\/TECAMAC-2995-50x50.jpg 50w, https:\/\/www.diarioimagen.net\/wp-content\/uploads\/2016\/11\/TECAMAC-2995-75x75.jpg 75w, https:\/\/www.diarioimagen.net\/wp-content\/uploads\/2016\/11\/TECAMAC-2995-70x70.jpg 70w, https:\/\/www.diarioimagen.net\/wp-content\/uploads\/2016\/11\/TECAMAC-2995.jpg 500w\" sizes=\"auto, (max-width: 240px) 100vw, 240px\" \/><\/a><p id=\"caption-attachment-298226\" class=\"wp-caption-text\">La diputada local por el distrito XXXIII,\u00a0Sue Ellen Bernal, se dijo orgullosa al rendir su priomer informe de actividades.<\/p><\/div>\n<p><strong>Tec\u00e1mac, Estado de M\u00e9xico<\/strong>.- Al presentar un informe de resultados, correspondiente a su primer a\u00f1o de trabajo, la diputada local por el distrito XXXIII,\u00a0Sue Ellen Bernal, se dijo orgullosa de contribuir con \u00e9l \u201cpara mover a M\u00e9xico en grande\u201d.<\/p>\n<p>Resalt\u00f3 la legisladora que simplemente, \u201cen materia de seguridad, hace unas semanas fue inaugurado el Centro de Control, Comando, Comunicaci\u00f3n, C\u00f3mputo y Calidad (C5) en Ecatepec, el cual monitorea municipios del Valle de M\u00e9xico y del oriente del estado a trav\u00e9s de 10 mil c\u00e1maras de videovigilancia.<\/p>\n<p>\u201cAdem\u00e1s, se reforz\u00f3 la seguridad de ocho municipios mexiquenses con 3 mil elementos del Ej\u00e9rcito, la Marina y la Polic\u00eda Federal, entre ellos, Ecatepec y Tec\u00e1mac.<\/p>\n<p>\u201cS\u00e9 que todav\u00eda tenemos mucho camino por recorrer en esta materia, que nos duele y nos afecta a todos, pero sin duda estas acciones contribuyen de manera significativa al combate a la delincuencia\u201d.<\/p>\n<p>Y abund\u00f3 que por lo que toca al rubro de movilidad \u201cen nuestros municipios esto es indispensable, por eso no puedo dejar de mencionar la construcci\u00f3n de la L\u00ednea 4 del Mexib\u00fas que ir\u00e1 de Tec\u00e1mac a Ecatepec, Tlalnepantla e Indios Verdes.<\/p>\n<p>\u201c\u00c9sta contribuir\u00e1 a que miles de personas que se trasladan diariamente a la Ciudad de M\u00e9xico lo puedan hacer en menos tiempo\u201d, resalt\u00f3 Bernal.<\/p>\n<p>Al tiempo que precis\u00f3: \u201cNuestras jefas de familia pueden acceder ya a un seguro de vida; nuestros adultos mayores de 65 a\u00f1os cuentan con una pensi\u00f3n universal.<\/p>\n<p>\u201cTan s\u00f3lo en Ecatepec y Tec\u00e1mac operan 103 comedores comunitarios; el programa Escuelas al Cien beneficiar\u00e1 a 105 instituciones educativas de nuestros dos municipios, tal como fue el compromiso del presidente Enrique Pe\u00f1a y del gobernador Eruviel \u00c1vila\u201d, finaliz\u00f3 la representante popular.<\/p>\n<p>&nbsp;<\/p>\n","protected":false},"excerpt":{"rendered":"<p>Al presentar un informe de resultados, correspondiente a su primer a\u00f1o de trabajo, la diputada local por el distrito XXXIII, Sue Ellen Bernal, se dijo orgullosa de contribuir con \u00e9l \u201cpara mover a M\u00e9xico en grande\u201d.<\/p>\n","protected":false},"author":3,"featured_media":298226,"comment_status":"open","ping_status":"open","sticky":false,"template":"","format":"standard","meta":{"_monsterinsights_skip_tracking":false,"_monsterinsights_sitenote_active":false,"_monsterinsights_sitenote_note":"","_monsterinsights_sitenote_category":0,"footnotes":""},"categories":[35155],"tags":[43675,15637,8026],"class_list":["post-298184","post","type-post","status-publish","format-standard","has-post-thumbnail","hentry","category-estado-de-mexico-estado-de-mexico","tag-estado-de-mexico","tag-informe","tag-tecamac"],"_links":{"self":[{"href":"https:\/\/www.diarioimagen.net\/index.php?rest_route=\/wp\/v2\/posts\/298184","targetHints":{"allow":["GET"]}}],"collection":[{"href":"https:\/\/www.diarioimagen.net\/index.php?rest_route=\/wp\/v2\/posts"}],"about":[{"href":"https:\/\/www.diarioimagen.net\/index.php?rest_route=\/wp\/v2\/types\/post"}],"author":[{"embeddable":true,"href":"https:\/\/www.diarioimagen.net\/index.php?rest_route=\/wp\/v2\/users\/3"}],"replies":[{"embeddable":true,"href":"https:\/\/www.diarioimagen.net\/index.php?rest_route=%2Fwp%2Fv2%2Fcomments&post=298184"}],"version-history":[{"count":0,"href":"https:\/\/www.diarioimagen.net\/index.php?rest_route=\/wp\/v2\/posts\/298184\/revisions"}],"wp:featuredmedia":[{"embeddable":true,"href":"https:\/\/www.diarioimagen.net\/index.php?rest_route=\/wp\/v2\/media\/298226"}],"wp:attachment":[{"href":"https:\/\/www.diarioimagen.net\/index.php?rest_route=%2Fwp%2Fv2%2Fmedia&parent=298184"}],"wp:term":[{"taxonomy":"category","embeddable":true,"href":"https:\/\/www.diarioimagen.net\/index.php?rest_route=%2Fwp%2Fv2%2Fcategories&post=298184"},{"taxonomy":"post_tag","embeddable":true,"href":"https:\/\/www.diarioimagen.net\/index.php?rest_route=%2Fwp%2Fv2%2Ftags&post=298184"}],"curies":[{"name":"wp","href":"https:\/\/api.w.org\/{rel}","templated":true}]}}