{"id":298186,"date":"2016-11-11T00:02:25","date_gmt":"2016-11-11T06:02:25","guid":{"rendered":"http:\/\/www.diarioimagen.net\/?p=298186"},"modified":"2016-11-11T02:48:29","modified_gmt":"2016-11-11T08:48:29","slug":"alcalde-de-naucalpan-recibe-apoyo-del-comite-ejecutivo-nacional-del-pan","status":"publish","type":"post","link":"https:\/\/www.diarioimagen.net\/?p=298186","title":{"rendered":"Alcalde de Naucalpan recibe apoyo del Comit\u00e9 Ejecutivo Nacional del PAN"},"content":{"rendered":"<div id=\"attachment_298233\" style=\"width: 470px\" class=\"wp-caption aligncenter\"><a href=\"http:\/\/www.diarioimagen.net\/?attachment_id=298233\" rel=\"attachment wp-att-298233\"><img loading=\"lazy\" decoding=\"async\" aria-describedby=\"caption-attachment-298233\" class=\"size-large wp-image-298233\" src=\"http:\/\/www.diarioimagen.net\/wp-content\/uploads\/2016\/11\/NAUCALPAN-2995-460x259.jpg\" alt=\"La diputada local por el distrito XXXIII,\u00a0Sue Ellen Bernal, se dijo orgullosa al rendir su priomer informe de actividades.\" width=\"460\" height=\"259\" srcset=\"https:\/\/www.diarioimagen.net\/wp-content\/uploads\/2016\/11\/NAUCALPAN-2995-460x259.jpg 460w, https:\/\/www.diarioimagen.net\/wp-content\/uploads\/2016\/11\/NAUCALPAN-2995-240x135.jpg 240w, https:\/\/www.diarioimagen.net\/wp-content\/uploads\/2016\/11\/NAUCALPAN-2995-235x132.jpg 235w, https:\/\/www.diarioimagen.net\/wp-content\/uploads\/2016\/11\/NAUCALPAN-2995-202x114.jpg 202w, https:\/\/www.diarioimagen.net\/wp-content\/uploads\/2016\/11\/NAUCALPAN-2995-350x196.jpg 350w, https:\/\/www.diarioimagen.net\/wp-content\/uploads\/2016\/11\/NAUCALPAN-2995-220x123.jpg 220w, https:\/\/www.diarioimagen.net\/wp-content\/uploads\/2016\/11\/NAUCALPAN-2995-237x132.jpg 237w, https:\/\/www.diarioimagen.net\/wp-content\/uploads\/2016\/11\/NAUCALPAN-2995.jpg 480w\" sizes=\"auto, (max-width: 460px) 100vw, 460px\" \/><\/a><p id=\"caption-attachment-298233\" class=\"wp-caption-text\">La diputada local por el distrito XXXIII,\u00a0Sue Ellen Bernal, se dijo orgullosa al rendir su priomer informe de actividades.<\/p><\/div>\n<p>&nbsp;<\/p>\n<p><strong>Naucalpan, Estado de M\u00e9xico.-<\/strong> El presidente del Comit\u00e9 Ejecutivo Nacional del PAN, Ricardo Anaya Cort\u00e9s, manifest\u00f3 su respaldo al edil naucalpense, Edgar Armando Olvera Higuera, ante la campa\u00f1a medi\u00e1tica que se est\u00e1 realizando en el municipio para desprestigiar el trabajo que desde el 1 de enero realiza esta administraci\u00f3n y que ya est\u00e1 dando resultados positivos en favor de la ciudadan\u00eda.<\/p>\n<p>Acompa\u00f1ado de presidentes municipales, diputados locales y federales, as\u00ed como de \u00a0la estructura del PAN estatal, Anaya Cort\u00e9s, refrend\u00f3 el apoyo del Comit\u00e9 Ejecutivo Nacional \u00a0al presidente municipal de Naucalpan, al tiempo que destac\u00f3 que los gobiernos emanados de Acci\u00f3n Nacional dan respuesta y atenci\u00f3n a las demandas de los mexicanos.<\/p>\n","protected":false},"excerpt":{"rendered":"<p>El presidente del Comit\u00e9 Ejecutivo Nacional del PAN, Ricardo Anaya Cort\u00e9s, manifest\u00f3 su respaldo al edil naucalpense, Edgar Armando Olvera Higuera, ante la campa\u00f1a medi\u00e1tica que se est\u00e1 realizando en el municipio para desprestigiar el trabajo que desde el 1 de enero realiza esta administraci\u00f3n y que ya est\u00e1 dando resultados positivos en favor de la ciudadan\u00eda.<\/p>\n","protected":false},"author":3,"featured_media":298233,"comment_status":"open","ping_status":"open","sticky":false,"template":"","format":"standard","meta":{"_monsterinsights_skip_tracking":false,"_monsterinsights_sitenote_active":false,"_monsterinsights_sitenote_note":"","_monsterinsights_sitenote_category":0,"footnotes":""},"categories":[35155],"tags":[43675,970,91],"class_list":["post-298186","post","type-post","status-publish","format-standard","has-post-thumbnail","hentry","category-estado-de-mexico-estado-de-mexico","tag-estado-de-mexico","tag-naucalpan","tag-pan"],"_links":{"self":[{"href":"https:\/\/www.diarioimagen.net\/index.php?rest_route=\/wp\/v2\/posts\/298186","targetHints":{"allow":["GET"]}}],"collection":[{"href":"https:\/\/www.diarioimagen.net\/index.php?rest_route=\/wp\/v2\/posts"}],"about":[{"href":"https:\/\/www.diarioimagen.net\/index.php?rest_route=\/wp\/v2\/types\/post"}],"author":[{"embeddable":true,"href":"https:\/\/www.diarioimagen.net\/index.php?rest_route=\/wp\/v2\/users\/3"}],"replies":[{"embeddable":true,"href":"https:\/\/www.diarioimagen.net\/index.php?rest_route=%2Fwp%2Fv2%2Fcomments&post=298186"}],"version-history":[{"count":0,"href":"https:\/\/www.diarioimagen.net\/index.php?rest_route=\/wp\/v2\/posts\/298186\/revisions"}],"wp:featuredmedia":[{"embeddable":true,"href":"https:\/\/www.diarioimagen.net\/index.php?rest_route=\/wp\/v2\/media\/298233"}],"wp:attachment":[{"href":"https:\/\/www.diarioimagen.net\/index.php?rest_route=%2Fwp%2Fv2%2Fmedia&parent=298186"}],"wp:term":[{"taxonomy":"category","embeddable":true,"href":"https:\/\/www.diarioimagen.net\/index.php?rest_route=%2Fwp%2Fv2%2Fcategories&post=298186"},{"taxonomy":"post_tag","embeddable":true,"href":"https:\/\/www.diarioimagen.net\/index.php?rest_route=%2Fwp%2Fv2%2Ftags&post=298186"}],"curies":[{"name":"wp","href":"https:\/\/api.w.org\/{rel}","templated":true}]}}