{"id":298188,"date":"2016-11-11T00:06:36","date_gmt":"2016-11-11T06:06:36","guid":{"rendered":"http:\/\/www.diarioimagen.net\/?p=298188"},"modified":"2016-11-11T02:49:39","modified_gmt":"2016-11-11T08:49:39","slug":"refuerza-metepec-estrategia-de-seguridad-con-30-patrullas-mas","status":"publish","type":"post","link":"https:\/\/www.diarioimagen.net\/?p=298188","title":{"rendered":"Refuerza Metepec estrategia de seguridad con 30 patrullas m\u00e1s"},"content":{"rendered":"<ul>\n<li><strong><em>Acciones de prevenci\u00f3n del delito<\/em><\/strong><\/li>\n<\/ul>\n<p>&nbsp;<\/p>\n<div id=\"attachment_298236\" style=\"width: 470px\" class=\"wp-caption aligncenter\"><a href=\"http:\/\/www.diarioimagen.net\/?attachment_id=298236\" rel=\"attachment wp-att-298236\"><img loading=\"lazy\" decoding=\"async\" aria-describedby=\"caption-attachment-298236\" class=\"size-large wp-image-298236\" src=\"http:\/\/www.diarioimagen.net\/wp-content\/uploads\/2016\/11\/METEPEC-2995-460x259.jpg\" alt=\"Reconoce el alcalde David L\u00f3pez C\u00e1rdenas decremento delictivo, pero tambi\u00e9n presencia de actos que lastiman a la sociedad en puntos focalizados que ya se atienden.\" width=\"460\" height=\"259\" srcset=\"https:\/\/www.diarioimagen.net\/wp-content\/uploads\/2016\/11\/METEPEC-2995-460x259.jpg 460w, https:\/\/www.diarioimagen.net\/wp-content\/uploads\/2016\/11\/METEPEC-2995-240x135.jpg 240w, https:\/\/www.diarioimagen.net\/wp-content\/uploads\/2016\/11\/METEPEC-2995-235x132.jpg 235w, https:\/\/www.diarioimagen.net\/wp-content\/uploads\/2016\/11\/METEPEC-2995-202x114.jpg 202w, https:\/\/www.diarioimagen.net\/wp-content\/uploads\/2016\/11\/METEPEC-2995-350x196.jpg 350w, https:\/\/www.diarioimagen.net\/wp-content\/uploads\/2016\/11\/METEPEC-2995-220x123.jpg 220w, https:\/\/www.diarioimagen.net\/wp-content\/uploads\/2016\/11\/METEPEC-2995-237x132.jpg 237w, https:\/\/www.diarioimagen.net\/wp-content\/uploads\/2016\/11\/METEPEC-2995.jpg 480w\" sizes=\"auto, (max-width: 460px) 100vw, 460px\" \/><\/a><p id=\"caption-attachment-298236\" class=\"wp-caption-text\">Reconoce el alcalde David L\u00f3pez C\u00e1rdenas decremento delictivo, pero tambi\u00e9n presencia de actos que lastiman a la sociedad en puntos focalizados que ya se atienden.<\/p><\/div>\n<p>&nbsp;<\/p>\n<p><strong>Metepec, Estado de M\u00e9xico<\/strong>.- El alcalde, David L\u00f3pez C\u00e1rdenas, entreg\u00f3 30 nuevas patrullas para el servicio de protecci\u00f3n de la ciudadan\u00eda, equipamiento\u00a0que forma parte de renovada estrategia de seguridad p\u00fablica en el municipio.<\/p>\n<p>En el marco de la inauguraci\u00f3n de la primera Feria Municipal de Prevenci\u00f3n Social del Delito, celebrada en el fraccionamiento Rancho San Francisco, el mandatario metepequense destac\u00f3 que una de las prioridades de su administraci\u00f3n desde el inicio de la gesti\u00f3n es propiciar ambientes seguros y arm\u00f3nicos, para lo cual ha sido fundamental la participaci\u00f3n de\u00a0 los gobiernos federal y estatal y el involucramiento de la toda sociedad en esta tarea.<\/p>\n<p>Reconoci\u00f3 que a pesar de la reducci\u00f3n del \u00edndice delictivo del 26 por ciento con respecto al mismo periodo de los dos a\u00f1os anteriores, de acuerdo a informaci\u00f3n del Secretariado Ejecutivo del Sistema Nacional de Seguridad P\u00fablica, el municipio no ha sido ajeno a hechos que laceran la tranquilidad de las personas, por lo que subray\u00f3, se reforzar\u00e1n las medidas y estrategia que garanticen la tranquilidad y paz social caracter\u00edstica de la localidad.<\/p>\n<p>En el evento, L\u00f3pez C\u00e1rdenas agradeci\u00f3 la asistencia permanente de las fuerzas federales, as\u00ed como del Ej\u00e9rcito y la Marina, para proveer de mayor vigilancia al municipio. All\u00ed, instruy\u00f3 al director de la corporaci\u00f3n de la Polic\u00eda, Jes\u00fas Alberto Ram\u00edrez Manzur, redoblar esfuerzos para evitar la presencia de la delincuencia, para lo cual dijo, \u201cestamos haciendo un gran esfuerzo con nuevo equipo y lo seguiremos realizando con el fin de que los metepequenses est\u00e9n protegidos al igual que sus bienes\u201d.<\/p>\n<p>&nbsp;<\/p>\n","protected":false},"excerpt":{"rendered":"<p>El alcalde, David L\u00f3pez C\u00e1rdenas, entreg\u00f3 30 nuevas patrullas para el servicio de protecci\u00f3n de la ciudadan\u00eda, equipamiento que forma parte de renovada estrategia de seguridad p\u00fablica en el municipio.<\/p>\n","protected":false},"author":3,"featured_media":298236,"comment_status":"open","ping_status":"open","sticky":false,"template":"","format":"standard","meta":{"_monsterinsights_skip_tracking":false,"_monsterinsights_sitenote_active":false,"_monsterinsights_sitenote_note":"","_monsterinsights_sitenote_category":0,"footnotes":""},"categories":[35155],"tags":[14250,43675,876],"class_list":["post-298188","post","type-post","status-publish","format-standard","has-post-thumbnail","hentry","category-estado-de-mexico-estado-de-mexico","tag-david-lopez-cardenas","tag-estado-de-mexico","tag-metepec"],"_links":{"self":[{"href":"https:\/\/www.diarioimagen.net\/index.php?rest_route=\/wp\/v2\/posts\/298188","targetHints":{"allow":["GET"]}}],"collection":[{"href":"https:\/\/www.diarioimagen.net\/index.php?rest_route=\/wp\/v2\/posts"}],"about":[{"href":"https:\/\/www.diarioimagen.net\/index.php?rest_route=\/wp\/v2\/types\/post"}],"author":[{"embeddable":true,"href":"https:\/\/www.diarioimagen.net\/index.php?rest_route=\/wp\/v2\/users\/3"}],"replies":[{"embeddable":true,"href":"https:\/\/www.diarioimagen.net\/index.php?rest_route=%2Fwp%2Fv2%2Fcomments&post=298188"}],"version-history":[{"count":0,"href":"https:\/\/www.diarioimagen.net\/index.php?rest_route=\/wp\/v2\/posts\/298188\/revisions"}],"wp:featuredmedia":[{"embeddable":true,"href":"https:\/\/www.diarioimagen.net\/index.php?rest_route=\/wp\/v2\/media\/298236"}],"wp:attachment":[{"href":"https:\/\/www.diarioimagen.net\/index.php?rest_route=%2Fwp%2Fv2%2Fmedia&parent=298188"}],"wp:term":[{"taxonomy":"category","embeddable":true,"href":"https:\/\/www.diarioimagen.net\/index.php?rest_route=%2Fwp%2Fv2%2Fcategories&post=298188"},{"taxonomy":"post_tag","embeddable":true,"href":"https:\/\/www.diarioimagen.net\/index.php?rest_route=%2Fwp%2Fv2%2Ftags&post=298188"}],"curies":[{"name":"wp","href":"https:\/\/api.w.org\/{rel}","templated":true}]}}