{"id":298191,"date":"2016-11-11T00:05:11","date_gmt":"2016-11-11T06:05:11","guid":{"rendered":"http:\/\/www.diarioimagen.net\/?p=298191"},"modified":"2016-11-11T02:51:20","modified_gmt":"2016-11-11T08:51:20","slug":"programa-piloto-de-luminarias-de-ultima-tecnologia-en-huixquilucan","status":"publish","type":"post","link":"https:\/\/www.diarioimagen.net\/?p=298191","title":{"rendered":"Programa piloto de luminarias de \u00faltima tecnolog\u00eda en Huixquilucan"},"content":{"rendered":"<ul>\n<li><strong><em>En la zona de Interlomas<\/em><\/strong><\/li>\n<\/ul>\n<p>&nbsp;<\/p>\n<div id=\"attachment_298240\" style=\"width: 470px\" class=\"wp-caption aligncenter\"><a href=\"http:\/\/www.diarioimagen.net\/?attachment_id=298240\" rel=\"attachment wp-att-298240\"><img loading=\"lazy\" decoding=\"async\" aria-describedby=\"caption-attachment-298240\" class=\"size-large wp-image-298240\" src=\"http:\/\/www.diarioimagen.net\/wp-content\/uploads\/2016\/11\/HUIXQUILUCAN-2995-460x259.jpg\" alt=\"El secretario del Ayuntamiento, Pablo Fern\u00e1ndez de Cevallos, coment\u00f3 que es primordial contar con eficiencia energ\u00e9tica en Huixquilucan.\" width=\"460\" height=\"259\" srcset=\"https:\/\/www.diarioimagen.net\/wp-content\/uploads\/2016\/11\/HUIXQUILUCAN-2995-460x259.jpg 460w, https:\/\/www.diarioimagen.net\/wp-content\/uploads\/2016\/11\/HUIXQUILUCAN-2995-240x135.jpg 240w, https:\/\/www.diarioimagen.net\/wp-content\/uploads\/2016\/11\/HUIXQUILUCAN-2995-235x132.jpg 235w, https:\/\/www.diarioimagen.net\/wp-content\/uploads\/2016\/11\/HUIXQUILUCAN-2995-202x114.jpg 202w, https:\/\/www.diarioimagen.net\/wp-content\/uploads\/2016\/11\/HUIXQUILUCAN-2995-350x196.jpg 350w, https:\/\/www.diarioimagen.net\/wp-content\/uploads\/2016\/11\/HUIXQUILUCAN-2995-220x123.jpg 220w, https:\/\/www.diarioimagen.net\/wp-content\/uploads\/2016\/11\/HUIXQUILUCAN-2995-237x132.jpg 237w, https:\/\/www.diarioimagen.net\/wp-content\/uploads\/2016\/11\/HUIXQUILUCAN-2995.jpg 480w\" sizes=\"auto, (max-width: 460px) 100vw, 460px\" \/><\/a><p id=\"caption-attachment-298240\" class=\"wp-caption-text\">El secretario del Ayuntamiento, Pablo Fern\u00e1ndez de Cevallos, coment\u00f3 que es primordial contar con eficiencia energ\u00e9tica en Huixquilucan.<\/p><\/div>\n<p>&nbsp;<\/p>\n<p><strong>Huixquilucan, Estado de M\u00e9xico<\/strong>.- El gobierno municipal, a trav\u00e9s de la Direcci\u00f3n de Servicios P\u00fablicos inici\u00f3 un programa piloto en conjunto con la empresa Philips para colocar luminarias de alta tecnolog\u00eda, \u00fanicas en Latinoam\u00e9rica, en la zona de Interlomas y as\u00ed verificar la eficiencia energ\u00e9tica de estas l\u00e1mparasLed y poder llevarlas a toda la localidad.<\/p>\n<p>El secretario del Ayuntamiento, Pablo Fern\u00e1ndez de Cevallos Gonz\u00e1lez, coment\u00f3 que para el presidente municipal, Enrique Vargas del Villar, es primordial contar con eficiencia energ\u00e9tica en Huixquilucan, de ah\u00ed que este programa piloto permitir\u00e1 determinar si las l\u00e1mparas son eficaces para el alumbrado de las calles y avenidas.<\/p>\n<p>Acompa\u00f1ado por Carlos Contreras, de la empresa Philips, as\u00ed como por Eduardo G\u00f3mez Galicia, director de Servicios P\u00fablicos, Fern\u00e1ndez de Cevallos recalc\u00f3 que Huixquilucan es el primer municipio en contar con este tipo de luminarias en la v\u00eda p\u00fablica, hecho que lo coloca a la vanguardia tecnol\u00f3gica en iluminaci\u00f3n de sus vialidades.<\/p>\n<p>Por su parte, el director de Servicios P\u00fablicos de Huixquilucan inform\u00f3 que una de las caracter\u00edsticas de estas l\u00e1mparas es que pueden ser controladas mediante un tel\u00e9fono inteligente a trav\u00e9s de una aplicaci\u00f3n que permite regular la intensidad de la luz, programar el encendido y apagado, adem\u00e1s monitorear si alguna ha dejado de funcionar para sustituirla.<\/p>\n<p>\u201cEstamos trabajando en coordinaci\u00f3n con Philips, ya que estas luminarias no est\u00e1n en el mercado. Huixquilucan es el primer municipio en Latinoam\u00e9rica en tener este tipo de l\u00e1mparas Led en v\u00eda p\u00fablica\u201d, subray\u00f3.<\/p>\n<p>Eduardo G\u00f3mez recalc\u00f3 que con este programa piloto se colocar\u00e1n 20 luminarias en la vialidad de Magnocentro y diez m\u00e1s en la avenida Palo Solo, y se verificar\u00e1 el funcionamiento de las l\u00e1mparas Led en ambas zonas.<\/p>\n<p>&nbsp;<\/p>\n","protected":false},"excerpt":{"rendered":"<p>El gobierno municipal, a trav\u00e9s de la Direcci\u00f3n de Servicios P\u00fablicos inici\u00f3 un programa piloto en conjunto con la empresa Philips para colocar luminarias de alta tecnolog\u00eda, \u00fanicas en Latinoam\u00e9rica, en la zona de Interlomas y as\u00ed verificar la eficiencia energ\u00e9tica de estas l\u00e1mparasLed y poder llevarlas a toda la localidad.<\/p>\n","protected":false},"author":3,"featured_media":298240,"comment_status":"open","ping_status":"open","sticky":false,"template":"","format":"standard","meta":{"_monsterinsights_skip_tracking":false,"_monsterinsights_sitenote_active":false,"_monsterinsights_sitenote_note":"","_monsterinsights_sitenote_category":0,"footnotes":""},"categories":[35155],"tags":[43675,1097],"class_list":["post-298191","post","type-post","status-publish","format-standard","has-post-thumbnail","hentry","category-estado-de-mexico-estado-de-mexico","tag-estado-de-mexico","tag-huixquilucan"],"_links":{"self":[{"href":"https:\/\/www.diarioimagen.net\/index.php?rest_route=\/wp\/v2\/posts\/298191","targetHints":{"allow":["GET"]}}],"collection":[{"href":"https:\/\/www.diarioimagen.net\/index.php?rest_route=\/wp\/v2\/posts"}],"about":[{"href":"https:\/\/www.diarioimagen.net\/index.php?rest_route=\/wp\/v2\/types\/post"}],"author":[{"embeddable":true,"href":"https:\/\/www.diarioimagen.net\/index.php?rest_route=\/wp\/v2\/users\/3"}],"replies":[{"embeddable":true,"href":"https:\/\/www.diarioimagen.net\/index.php?rest_route=%2Fwp%2Fv2%2Fcomments&post=298191"}],"version-history":[{"count":0,"href":"https:\/\/www.diarioimagen.net\/index.php?rest_route=\/wp\/v2\/posts\/298191\/revisions"}],"wp:featuredmedia":[{"embeddable":true,"href":"https:\/\/www.diarioimagen.net\/index.php?rest_route=\/wp\/v2\/media\/298240"}],"wp:attachment":[{"href":"https:\/\/www.diarioimagen.net\/index.php?rest_route=%2Fwp%2Fv2%2Fmedia&parent=298191"}],"wp:term":[{"taxonomy":"category","embeddable":true,"href":"https:\/\/www.diarioimagen.net\/index.php?rest_route=%2Fwp%2Fv2%2Fcategories&post=298191"},{"taxonomy":"post_tag","embeddable":true,"href":"https:\/\/www.diarioimagen.net\/index.php?rest_route=%2Fwp%2Fv2%2Ftags&post=298191"}],"curies":[{"name":"wp","href":"https:\/\/api.w.org\/{rel}","templated":true}]}}