{"id":298201,"date":"2016-11-11T00:01:41","date_gmt":"2016-11-11T06:01:41","guid":{"rendered":"http:\/\/www.diarioimagen.net\/?p=298201"},"modified":"2016-11-11T03:12:46","modified_gmt":"2016-11-11T09:12:46","slug":"36-anos-por-una-vivienda-digna-2","status":"publish","type":"post","link":"https:\/\/www.diarioimagen.net\/?p=298201","title":{"rendered":"36 a\u00f1os por una vivienda digna"},"content":{"rendered":"<p><a href=\"http:\/\/www.diarioimagen.net\/?attachment_id=298270\" rel=\"attachment wp-att-298270\"><img loading=\"lazy\" decoding=\"async\" class=\"aligncenter size-large wp-image-298270\" src=\"http:\/\/www.diarioimagen.net\/wp-content\/uploads\/2016\/11\/UAEM-2995-460x259.jpg\" alt=\"uaem-2995\" width=\"460\" height=\"259\" srcset=\"https:\/\/www.diarioimagen.net\/wp-content\/uploads\/2016\/11\/UAEM-2995-460x259.jpg 460w, https:\/\/www.diarioimagen.net\/wp-content\/uploads\/2016\/11\/UAEM-2995-240x135.jpg 240w, https:\/\/www.diarioimagen.net\/wp-content\/uploads\/2016\/11\/UAEM-2995-768x432.jpg 768w, https:\/\/www.diarioimagen.net\/wp-content\/uploads\/2016\/11\/UAEM-2995-480x270.jpg 480w, https:\/\/www.diarioimagen.net\/wp-content\/uploads\/2016\/11\/UAEM-2995-235x132.jpg 235w, https:\/\/www.diarioimagen.net\/wp-content\/uploads\/2016\/11\/UAEM-2995-202x114.jpg 202w, https:\/\/www.diarioimagen.net\/wp-content\/uploads\/2016\/11\/UAEM-2995-350x196.jpg 350w, https:\/\/www.diarioimagen.net\/wp-content\/uploads\/2016\/11\/UAEM-2995-220x123.jpg 220w, https:\/\/www.diarioimagen.net\/wp-content\/uploads\/2016\/11\/UAEM-2995-237x132.jpg 237w, https:\/\/www.diarioimagen.net\/wp-content\/uploads\/2016\/11\/UAEM-2995.jpg 1200w\" sizes=\"auto, (max-width: 460px) 100vw, 460px\" \/><\/a><\/p>\n<p>&nbsp;<\/p>\n<p>Nunca los discursos en contra de la dignidad y a favor de la discriminaci\u00f3n ser\u00e1n una f\u00f3rmula para ganar, convencer o para crear y recrear la democracia, consider\u00f3 el rector de la Universidad Aut\u00f3noma del Estado de M\u00e9xico, Jorge Olvera Garc\u00eda, al inaugurar los trabajos del IV Simulador Legislativo UAEM 2016, en el que participan cerca de 170 estudiantes de Derecho de la Aut\u00f3noma mexiquense, el Tecnol\u00f3gico de Monterrey, el Instituto Universitario del Estado de M\u00e9xico (IUEM) y la Universidad Aut\u00f3noma de Ciudad Ju\u00e1rez.<\/p>\n<p>&nbsp;<\/p>\n","protected":false},"excerpt":{"rendered":"<p>Nunca los discursos en contra de la dignidad y a favor de la discriminaci\u00f3n ser\u00e1n una f\u00f3rmula para ganar, convencer o para crear y recrear la democracia, consider\u00f3 el rector de la Universidad Aut\u00f3noma del Estado de M\u00e9xico, Jorge Olvera Garc\u00eda, al inaugurar los trabajos del IV Simulador Legislativo UAEM 2016, en el que participan cerca de 170 estudiantes de Derecho de la Aut\u00f3noma mexiquense, el Tecnol\u00f3gico de Monterrey, el Instituto Universitario del Estado de M\u00e9xico (IUEM) y la Universidad Aut\u00f3noma de Ciudad Ju\u00e1rez.<\/p>\n","protected":false},"author":3,"featured_media":298270,"comment_status":"open","ping_status":"open","sticky":false,"template":"","format":"standard","meta":{"_monsterinsights_skip_tracking":false,"_monsterinsights_sitenote_active":false,"_monsterinsights_sitenote_note":"","_monsterinsights_sitenote_category":0,"footnotes":""},"categories":[35155],"tags":[43675,27015],"class_list":["post-298201","post","type-post","status-publish","format-standard","has-post-thumbnail","hentry","category-estado-de-mexico-estado-de-mexico","tag-estado-de-mexico","tag-jorge-olvera-garcia"],"_links":{"self":[{"href":"https:\/\/www.diarioimagen.net\/index.php?rest_route=\/wp\/v2\/posts\/298201","targetHints":{"allow":["GET"]}}],"collection":[{"href":"https:\/\/www.diarioimagen.net\/index.php?rest_route=\/wp\/v2\/posts"}],"about":[{"href":"https:\/\/www.diarioimagen.net\/index.php?rest_route=\/wp\/v2\/types\/post"}],"author":[{"embeddable":true,"href":"https:\/\/www.diarioimagen.net\/index.php?rest_route=\/wp\/v2\/users\/3"}],"replies":[{"embeddable":true,"href":"https:\/\/www.diarioimagen.net\/index.php?rest_route=%2Fwp%2Fv2%2Fcomments&post=298201"}],"version-history":[{"count":0,"href":"https:\/\/www.diarioimagen.net\/index.php?rest_route=\/wp\/v2\/posts\/298201\/revisions"}],"wp:featuredmedia":[{"embeddable":true,"href":"https:\/\/www.diarioimagen.net\/index.php?rest_route=\/wp\/v2\/media\/298270"}],"wp:attachment":[{"href":"https:\/\/www.diarioimagen.net\/index.php?rest_route=%2Fwp%2Fv2%2Fmedia&parent=298201"}],"wp:term":[{"taxonomy":"category","embeddable":true,"href":"https:\/\/www.diarioimagen.net\/index.php?rest_route=%2Fwp%2Fv2%2Fcategories&post=298201"},{"taxonomy":"post_tag","embeddable":true,"href":"https:\/\/www.diarioimagen.net\/index.php?rest_route=%2Fwp%2Fv2%2Ftags&post=298201"}],"curies":[{"name":"wp","href":"https:\/\/api.w.org\/{rel}","templated":true}]}}