{"id":298311,"date":"2016-11-14T00:08:22","date_gmt":"2016-11-14T06:08:22","guid":{"rendered":"http:\/\/www.diarioimagen.net\/?p=298311"},"modified":"2016-11-15T02:36:33","modified_gmt":"2016-11-15T08:36:33","slug":"entrega-eruviel-avila-donativo-de-mas-de-14-mdp-a-cruz-roja","status":"publish","type":"post","link":"https:\/\/www.diarioimagen.net\/?p=298311","title":{"rendered":"Entrega Eruviel donativo de 14.5 mdp a la Cruz Roja"},"content":{"rendered":"<ul>\n<li><strong><em>Producto de la venta de l\u00e1pices, pulseras y kits escolares<\/em><\/strong><\/li>\n<\/ul>\n<h6>Jos\u00e9 Luis Monta\u00f1ez<\/h6>\n<div id=\"attachment_298312\" style=\"width: 470px\" class=\"wp-caption aligncenter\"><a href=\"http:\/\/www.diarioimagen.net\/?attachment_id=298312\" rel=\"attachment wp-att-298312\"><img loading=\"lazy\" decoding=\"async\" aria-describedby=\"caption-attachment-298312\" class=\"wp-image-298312 size-large\" src=\"http:\/\/www.diarioimagen.net\/wp-content\/uploads\/2016\/11\/cruz-roja-2996-460x259.jpg\" alt=\"El gobernador Eruviel \u00c1vila atestigu\u00f3 la presentaci\u00f3n del libro \u201c100 a\u00f1os de la Cruz Roja en el Estado de M\u00e9xico\u201d.\" width=\"460\" height=\"259\" srcset=\"https:\/\/www.diarioimagen.net\/wp-content\/uploads\/2016\/11\/cruz-roja-2996-460x259.jpg 460w, https:\/\/www.diarioimagen.net\/wp-content\/uploads\/2016\/11\/cruz-roja-2996-240x135.jpg 240w, https:\/\/www.diarioimagen.net\/wp-content\/uploads\/2016\/11\/cruz-roja-2996-235x132.jpg 235w, https:\/\/www.diarioimagen.net\/wp-content\/uploads\/2016\/11\/cruz-roja-2996-202x114.jpg 202w, https:\/\/www.diarioimagen.net\/wp-content\/uploads\/2016\/11\/cruz-roja-2996-350x196.jpg 350w, https:\/\/www.diarioimagen.net\/wp-content\/uploads\/2016\/11\/cruz-roja-2996-220x123.jpg 220w, https:\/\/www.diarioimagen.net\/wp-content\/uploads\/2016\/11\/cruz-roja-2996-237x132.jpg 237w, https:\/\/www.diarioimagen.net\/wp-content\/uploads\/2016\/11\/cruz-roja-2996.jpg 480w\" sizes=\"auto, (max-width: 460px) 100vw, 460px\" \/><\/a><p id=\"caption-attachment-298312\" class=\"wp-caption-text\">El gobernador Eruviel \u00c1vila atestigu\u00f3 la presentaci\u00f3n del libro \u201c100 a\u00f1os de la Cruz Roja en el Estado de M\u00e9xico\u201d.<\/p><\/div>\n<p><strong>Toluca, Estado de M\u00e9xico<\/strong>.- En nombre de la comunidad estudiantil y acad\u00e9mica del Estado de M\u00e9xico que particip\u00f3 en la colecta anual de la Cruz Roja, el gobernador Eruviel \u00c1vila Villegas entreg\u00f3 un donativo de 14 millones 540 mil pesos a la delegaci\u00f3n estatal de esta instituci\u00f3n, producto de la venta de l\u00e1pices, pulseras y kits escolares.<\/p>\n<p>En este marco, destac\u00f3 que, en coordinaci\u00f3n con todos los sectores de la sociedad, la Cruz Roja es aliada de las autoridades cuando se trata de ayudar a quienes enfrentan una emergencia o situaci\u00f3n de riesgo.<\/p>\n<p>\u201cEs el ejemplo de lo que hace Cruz Roja, cuando trabaja con gobiernos, con escuelas, con empresas, con sociedad civil haciendo equipo para poder hacer el mayor bien posible.<\/p>\n<p>\u201cQuiero agradecerle a las ni\u00f1as, a los ni\u00f1os que compraron un mill\u00f3n 600 mil l\u00e1pices, un mill\u00f3n 100 pulseras de tela, m\u00e1s de 37 mil kits de art\u00edculos escolares, si bien les van a ser \u00fatiles para su actividad de acad\u00e9mica, sin duda es una buena inversi\u00f3n, pero lo digo principalmente por ayudar a esta gran benem\u00e9rita instituci\u00f3n\u201d, afirm\u00f3.<\/p>\n<p>Durante la presentaci\u00f3n del libro \u201c100 a\u00f1os de la Cruz Roja en el Estado de M\u00e9xico\u201d, ante el presidente nacional de este organismo, Fernando Suinaga C\u00e1rdenas, el gobernador consider\u00f3 que m\u00e1s all\u00e1 de la relevancia material de este donativo, la verdadera importancia de la colecta estriba en que se fomentan valores como la solidaridad o el altruismo en las ni\u00f1as y los ni\u00f1os mexiquenses.<\/p>\n<p>Acompa\u00f1ado por la secretaria de Educaci\u00f3n en la entidad, Ana Lilia Herrera Anzaldo, el gobernador Eruviel \u00c1vila destac\u00f3 que en M\u00e9xico la tarea de la Cruz Roja ha estado vigente por m\u00e1s de un siglo, lapso en el cual ha intervenido en importantes acontecimientos hist\u00f3ricos, como la Revoluci\u00f3n Mexicana, el terremoto de 1985 en la Ciudad de M\u00e9xico o en las explosiones de San Juan Ixhuatepec, en el Edomex, en 1984.<\/p>\n<p>El mandatario estatal resalt\u00f3 que tan s\u00f3lo en 2015, la Cruz Roja realiz\u00f3 6 millones de servicios m\u00e9dicos en el pa\u00eds y m\u00e1s de un mill\u00f3n 400 mil servicios de ambulancia, en los cuales prevaleci\u00f3 la entrega y la solidaridad de los voluntarios que prestan auxilio a la poblaci\u00f3n.<\/p>\n<p>En la sede de la Cruz Roja en la entidad, Eruviel \u00c1vila se\u00f1al\u00f3 que el libro alusivo a los 100 a\u00f1os de esta instituci\u00f3n, es un homenaje a miles de voluntarios que han dedicado su vida a ayudar a v\u00edctimas de accidentes, desastres naturales u otras contingencias, adem\u00e1s que en sus 336 p\u00e1ginas el texto servir\u00e1 a las futuras generaciones de param\u00e9dicos a encontrar historias de superaci\u00f3n, que los motiven a continuar socorriendo a quienes m\u00e1s lo necesitan.<\/p>\n<p>Por su parte, el delegado de la Cruz Roja en el Edom\u00e9x, Jos\u00e9 Miguel Bejos, agradeci\u00f3 el apoyo de las autoridades mexiquenses y afirm\u00f3 que la principal fortaleza de este organismo es el trabajo de las mujeres y hombres que lo integran.<\/p>\n<p>Precis\u00f3 adem\u00e1s que, aunque los 100 a\u00f1os en el Estado de M\u00e9xico se cumplieron en 2014, el libro se present\u00f3 luego dos a\u00f1os de trabajo, durante los cuales se levantaron mil 200 testimonios para dar cuenta de la trascendencia que ha tenido en la historia estatal.<\/p>\n","protected":false},"excerpt":{"rendered":"<p><span style=\"color: #005497;\">Jos\u00e9 Luis Monta\u00f1ez<\/span><br \/>\n<br \/>\nEn nombre de la comunidad estudiantil y acad\u00e9mica del Estado de M\u00e9xico que particip\u00f3 en el colecta anual de la Cruz Roja, el gobernador Eruviel \u00c1vila Villegas entreg\u00f3 un donativo de 14 millones 540 mil pesos a la delegaci\u00f3n estatal de esta instituci\u00f3n, producto de la venta de l\u00e1pices, pulseras y kits escolares.<\/p>\n","protected":false},"author":1,"featured_media":298312,"comment_status":"open","ping_status":"open","sticky":false,"template":"","format":"standard","meta":{"_monsterinsights_skip_tracking":false,"_monsterinsights_sitenote_active":false,"_monsterinsights_sitenote_note":"","_monsterinsights_sitenote_category":0,"footnotes":""},"categories":[5],"tags":[3314,21667,49561,919,24769,5828,43675,452],"class_list":["post-298311","post","type-post","status-publish","format-standard","has-post-thumbnail","hentry","category-estado-de-mexico","tag-ana-lilia-herrera-anzaldo","tag-ayuda","tag-colecta","tag-cruz-roja","tag-entrega","tag-eruviel-avila-villegas","tag-estado-de-mexico","tag-toluca"],"_links":{"self":[{"href":"https:\/\/www.diarioimagen.net\/index.php?rest_route=\/wp\/v2\/posts\/298311","targetHints":{"allow":["GET"]}}],"collection":[{"href":"https:\/\/www.diarioimagen.net\/index.php?rest_route=\/wp\/v2\/posts"}],"about":[{"href":"https:\/\/www.diarioimagen.net\/index.php?rest_route=\/wp\/v2\/types\/post"}],"author":[{"embeddable":true,"href":"https:\/\/www.diarioimagen.net\/index.php?rest_route=\/wp\/v2\/users\/1"}],"replies":[{"embeddable":true,"href":"https:\/\/www.diarioimagen.net\/index.php?rest_route=%2Fwp%2Fv2%2Fcomments&post=298311"}],"version-history":[{"count":0,"href":"https:\/\/www.diarioimagen.net\/index.php?rest_route=\/wp\/v2\/posts\/298311\/revisions"}],"wp:featuredmedia":[{"embeddable":true,"href":"https:\/\/www.diarioimagen.net\/index.php?rest_route=\/wp\/v2\/media\/298312"}],"wp:attachment":[{"href":"https:\/\/www.diarioimagen.net\/index.php?rest_route=%2Fwp%2Fv2%2Fmedia&parent=298311"}],"wp:term":[{"taxonomy":"category","embeddable":true,"href":"https:\/\/www.diarioimagen.net\/index.php?rest_route=%2Fwp%2Fv2%2Fcategories&post=298311"},{"taxonomy":"post_tag","embeddable":true,"href":"https:\/\/www.diarioimagen.net\/index.php?rest_route=%2Fwp%2Fv2%2Ftags&post=298311"}],"curies":[{"name":"wp","href":"https:\/\/api.w.org\/{rel}","templated":true}]}}