{"id":298344,"date":"2016-11-14T00:09:26","date_gmt":"2016-11-14T06:09:26","guid":{"rendered":"http:\/\/www.diarioimagen.net\/?p=298344"},"modified":"2016-11-14T03:57:09","modified_gmt":"2016-11-14T09:57:09","slug":"se-fomenta-el-altruismo-entre-ninos","status":"publish","type":"post","link":"https:\/\/www.diarioimagen.net\/?p=298344","title":{"rendered":"Se fomenta el altruismo entre ni\u00f1os"},"content":{"rendered":"<h2>Arco Norte<\/h2>\n<h5>Jos\u00e9 Luis Monta\u00f1ez Aguilar<\/h5>\n<p>&nbsp;<\/p>\n<div id=\"attachment_298490\" style=\"width: 470px\" class=\"wp-caption aligncenter\"><a href=\"http:\/\/www.diarioimagen.net\/?attachment_id=298490\" rel=\"attachment wp-att-298490\"><img loading=\"lazy\" decoding=\"async\" aria-describedby=\"caption-attachment-298490\" class=\"size-large wp-image-298490\" src=\"http:\/\/www.diarioimagen.net\/wp-content\/uploads\/2016\/11\/arco-2996-460x259.jpg\" alt=\"Eruviel \u00c1vila \u2022 Convenci\u00f3n Nacional de la Cruz Roja Mexicana.\" width=\"460\" height=\"259\" srcset=\"https:\/\/www.diarioimagen.net\/wp-content\/uploads\/2016\/11\/arco-2996-460x259.jpg 460w, https:\/\/www.diarioimagen.net\/wp-content\/uploads\/2016\/11\/arco-2996-240x135.jpg 240w, https:\/\/www.diarioimagen.net\/wp-content\/uploads\/2016\/11\/arco-2996-235x132.jpg 235w, https:\/\/www.diarioimagen.net\/wp-content\/uploads\/2016\/11\/arco-2996-202x114.jpg 202w, https:\/\/www.diarioimagen.net\/wp-content\/uploads\/2016\/11\/arco-2996-350x196.jpg 350w, https:\/\/www.diarioimagen.net\/wp-content\/uploads\/2016\/11\/arco-2996-220x123.jpg 220w, https:\/\/www.diarioimagen.net\/wp-content\/uploads\/2016\/11\/arco-2996-237x132.jpg 237w, https:\/\/www.diarioimagen.net\/wp-content\/uploads\/2016\/11\/arco-2996.jpg 480w\" sizes=\"auto, (max-width: 460px) 100vw, 460px\" \/><\/a><p id=\"caption-attachment-298490\" class=\"wp-caption-text\">Eruviel \u00c1vila \u2022 Convenci\u00f3n Nacional de la Cruz Roja Mexicana.<\/p><\/div>\n<p>&nbsp;<\/p>\n<p>El gobernador Eruviel \u00c1vila Villegas entreg\u00f3 un donativo de 14 millones 540 mil pesos a la delegaci\u00f3n estatal de esta instituci\u00f3n, producto de la venta de l\u00e1pices, pulseras y kits escolares que realiz\u00f3 la comunidad estudiantil y acad\u00e9mica.<\/p>\n<p>En este marco, destac\u00f3 que, en coordinaci\u00f3n con todos los sectores de la sociedad, la Cruz Roja es aliada de las autoridades cuando se trata de ayudar a quienes enfrentan una emergencia o situaci\u00f3n de riesgo.<\/p>\n<p>Durante la presentaci\u00f3n del libro \u201c100 a\u00f1os de la Cruz Roja en el Estado de M\u00e9xico\u201d, ante el presidente nacional de este organismo, Fernando Suinaga C\u00e1rdenas, el gobernador consider\u00f3 que m\u00e1s all\u00e1 de la relevancia material de este donativo, la verdadera importancia de la colecta estriba en que se fomentan valores como la solidaridad o el altruismo en las ni\u00f1as y los ni\u00f1os mexiquenses. Acompa\u00f1ado por la secretaria de Educaci\u00f3n en la entidad, Ana Lilia Herrera Anzaldo, el gobernador Eruviel \u00c1vila destac\u00f3 que en M\u00e9xico la tarea de la Cruz Roja ha estado vigente por m\u00e1s de un siglo, lapso en el cual ha intervenido en importantes acontecimientos hist\u00f3ricos, como la Revoluci\u00f3n Mexicana, el terremoto de 1985 en la Ciudad de M\u00e9xico, o en las explosiones de San Juan Ixhuatepec, en el Edomex, en 1984.<\/p>\n<p style=\"text-align: center;\"><strong>Se opt\u00f3 por un di\u00e1logo respetuoso ante Trump<\/strong><\/p>\n<p>Ante la expectativa generada por el pr\u00f3ximo gobierno de Estados Unidos, el mandatario Eruviel \u00c1vila Villegas destac\u00f3 la forma en que el presidente Enrique Pe\u00f1a Nieto ha sabido llevar esta situaci\u00f3n, a trav\u00e9s de un di\u00e1logo respetuoso y siempre velando por el bien de la naci\u00f3n.<\/p>\n<p>Al reiterar que es momento de mantener la unidad y cerrar filas por M\u00e9xico, el Ejecutivo mexiquense abund\u00f3 en que la reuni\u00f3n del presidente Pe\u00f1a Nieto con Donald Trump fue un acierto, as\u00ed como el contacto telef\u00f3nico que tuvo despu\u00e9s de que el republicano gan\u00f3 las elecciones, y resalt\u00f3 el pr\u00f3ximo encuentro que sostendr\u00e1n para dialogar sobre la agenda entre ambas naciones. Durante la Exposici\u00f3n Nacional Ganadera y de la Industria Pecuaria 2016, que cont\u00f3 con la participaci\u00f3n del titular de la Secretar\u00eda de Agricultura, Ganader\u00eda, Desarrollo Rural, Pesca y Alimentaci\u00f3n, Jos\u00e9 Calzada Rovirosa, el gobernador mexiquense afirm\u00f3 tambi\u00e9n que el gobierno federal sabr\u00e1 conducir de buena manera la diplomacia y la pol\u00edtica exterior con el vecino pa\u00eds del norte.<\/p>\n<p>&nbsp;<\/p>\n<p>&nbsp;<\/p>\n<p>&nbsp;<\/p>\n","protected":false},"excerpt":{"rendered":"<p><span style=\"color: #005497;\">Jos\u00e9 Luis Monta\u00f1ez Aguilar<\/span><br \/>\n<br \/>\nEl gobernador Eruviel \u00c1vila Villegas entreg\u00f3 un donativo de 14 millones 540 mil pesos a la delegaci\u00f3n estatal de esta instituci\u00f3n, producto de la venta de l\u00e1pices, pulseras y kits escolares que realiz\u00f3 la comunidad estudiantil y acad\u00e9mica.<\/p>\n","protected":false},"author":3,"featured_media":298490,"comment_status":"open","ping_status":"open","sticky":false,"template":"","format":"standard","meta":{"_monsterinsights_skip_tracking":false,"_monsterinsights_sitenote_active":false,"_monsterinsights_sitenote_note":"","_monsterinsights_sitenote_category":0,"footnotes":""},"categories":[5],"tags":[13284,43704,43674],"class_list":["post-298344","post","type-post","status-publish","format-standard","has-post-thumbnail","hentry","category-estado-de-mexico","tag-arco-norte","tag-jose-luis-montanez-aguilar","tag-opinion"],"_links":{"self":[{"href":"https:\/\/www.diarioimagen.net\/index.php?rest_route=\/wp\/v2\/posts\/298344","targetHints":{"allow":["GET"]}}],"collection":[{"href":"https:\/\/www.diarioimagen.net\/index.php?rest_route=\/wp\/v2\/posts"}],"about":[{"href":"https:\/\/www.diarioimagen.net\/index.php?rest_route=\/wp\/v2\/types\/post"}],"author":[{"embeddable":true,"href":"https:\/\/www.diarioimagen.net\/index.php?rest_route=\/wp\/v2\/users\/3"}],"replies":[{"embeddable":true,"href":"https:\/\/www.diarioimagen.net\/index.php?rest_route=%2Fwp%2Fv2%2Fcomments&post=298344"}],"version-history":[{"count":0,"href":"https:\/\/www.diarioimagen.net\/index.php?rest_route=\/wp\/v2\/posts\/298344\/revisions"}],"wp:featuredmedia":[{"embeddable":true,"href":"https:\/\/www.diarioimagen.net\/index.php?rest_route=\/wp\/v2\/media\/298490"}],"wp:attachment":[{"href":"https:\/\/www.diarioimagen.net\/index.php?rest_route=%2Fwp%2Fv2%2Fmedia&parent=298344"}],"wp:term":[{"taxonomy":"category","embeddable":true,"href":"https:\/\/www.diarioimagen.net\/index.php?rest_route=%2Fwp%2Fv2%2Fcategories&post=298344"},{"taxonomy":"post_tag","embeddable":true,"href":"https:\/\/www.diarioimagen.net\/index.php?rest_route=%2Fwp%2Fv2%2Ftags&post=298344"}],"curies":[{"name":"wp","href":"https:\/\/api.w.org\/{rel}","templated":true}]}}